{"id":7106,"date":"2025-06-09T17:26:08","date_gmt":"2025-06-09T20:26:08","guid":{"rendered":"https:\/\/emisoracolon.com.ar\/?p=7106"},"modified":"2025-06-09T17:26:08","modified_gmt":"2025-06-09T20:26:08","slug":"continuan-las-charlas-de-educacion-vial-en-las-escuelas","status":"publish","type":"post","link":"https:\/\/emisoracolon.com.ar\/index.php\/2025\/06\/09\/continuan-las-charlas-de-educacion-vial-en-las-escuelas\/","title":{"rendered":"Contin\u00faan las charlas de educaci\u00f3n vial en las escuelas"},"content":{"rendered":"\n<p>Esta ma\u00f1ana se llev\u00f3 a cabo una nueva charla sobre educaci\u00f3n vial en la Escuela Secundaria N\u00b0 2, con el objetivo de prevenir accidentes y formar conductores y conductoras responsables desde edades tempranas.<\/p>\n\n\n\n<p>La iniciativa forma parte de una campa\u00f1a educativa que comenz\u00f3 la semana pasada en Sarasa y que continuar\u00e1 este jueves en Pearson y el viernes nuevamente en Sarasa.<\/p>\n\n\n\n<p>Estas actividades buscan generar conciencia sobre la importancia de respetar las normas de tr\u00e1nsito, tanto en quienes conducen como en quienes se movilizan a pie o en bicicleta.<\/p>\n","protected":false},"excerpt":{"rendered":"<p>Esta ma\u00f1ana se llev\u00f3 a cabo una nueva charla sobre educaci\u00f3n vial en la Escuela Secundaria N\u00b0 2, con el objetivo de prevenir accidentes y formar conductores y conductoras responsables desde edades&#8230;<\/p>\n","protected":false},"author":1,"featured_media":7107,"comment_status":"open","ping_status":"open","sticky":false,"template":"","format":"standard","meta":{"footnotes":""},"categories":[3],"tags":[],"class_list":["post-7106","post","type-post","status-publish","format-standard","has-post-thumbnail","hentry","category-general"],"_links":{"self":[{"href":"https:\/\/emisoracolon.com.ar\/index.php\/wp-json\/wp\/v2\/posts\/7106","targetHints":{"allow":["GET"]}}],"collection":[{"href":"https:\/\/emisoracolon.com.ar\/index.php\/wp-json\/wp\/v2\/posts"}],"about":[{"href":"https:\/\/emisoracolon.com.ar\/index.php\/wp-json\/wp\/v2\/types\/post"}],"author":[{"embeddable":true,"href":"https:\/\/emisoracolon.com.ar\/index.php\/wp-json\/wp\/v2\/users\/1"}],"replies":[{"embeddable":true,"href":"https:\/\/emisoracolon.com.ar\/index.php\/wp-json\/wp\/v2\/comments?post=7106"}],"version-history":[{"count":1,"href":"https:\/\/emisoracolon.com.ar\/index.php\/wp-json\/wp\/v2\/posts\/7106\/revisions"}],"predecessor-version":[{"id":7108,"href":"https:\/\/emisoracolon.com.ar\/index.php\/wp-json\/wp\/v2\/posts\/7106\/revisions\/7108"}],"wp:featuredmedia":[{"embeddable":true,"href":"https:\/\/emisoracolon.com.ar\/index.php\/wp-json\/wp\/v2\/media\/7107"}],"wp:attachment":[{"href":"https:\/\/emisoracolon.com.ar\/index.php\/wp-json\/wp\/v2\/media?parent=7106"}],"wp:term":[{"taxonomy":"category","embeddable":true,"href":"https:\/\/emisoracolon.com.ar\/index.php\/wp-json\/wp\/v2\/categories?post=7106"},{"taxonomy":"post_tag","embeddable":true,"href":"https:\/\/emisoracolon.com.ar\/index.php\/wp-json\/wp\/v2\/tags?post=7106"}],"curies":[{"name":"wp","href":"https:\/\/api.w.org\/{rel}","templated":true}]}}