{"id":7100,"date":"2025-06-09T17:22:46","date_gmt":"2025-06-09T20:22:46","guid":{"rendered":"https:\/\/emisoracolon.com.ar\/?p=7100"},"modified":"2025-06-09T17:22:46","modified_gmt":"2025-06-09T20:22:46","slug":"no-va-mas-el-pro-cre-ar","status":"publish","type":"post","link":"https:\/\/emisoracolon.com.ar\/index.php\/2025\/06\/09\/no-va-mas-el-pro-cre-ar\/","title":{"rendered":"No va m\u00e1s el Pro.Cre.Ar"},"content":{"rendered":"\n<p>El Gobierno nacional avanz\u00f3 en la disoluci\u00f3n del Fondo Fiduciario P\u00fablico denominado Programa Cr\u00e9dito Argentino del Bicentenario para la Vivienda \u00danica Familiar (Pro.Cre.Ar) con la publicaci\u00f3n de los mecanismos para tal fin y el pase de la administraci\u00f3n de los pr\u00e9stamos vigente a un banco privado.<\/p>\n\n\n\n<p>La medida se efectiviz\u00f3 con la Resoluci\u00f3n 764\/2025 del Ministerio de Econom\u00eda publicada hoy en el Bolet\u00edn Oficial, y seg\u00fan los considerandos la disoluci\u00f3n se fundamenta en varios puntos en que el programa se hab\u00eda convertido en una &#8220;pesada carga&#8221; para las cuentas p\u00fablicas. Por otra parte, se se\u00f1al\u00f3 que exist\u00edan dificultades para fiscalizar y controlar su ejecuci\u00f3n.<\/p>\n\n\n\n<p>A su vez, se argumenta que la financiaci\u00f3n de la construcci\u00f3n de viviendas es una actividad propia de los bancos comerciales, privados y p\u00fablicos, no justific\u00e1ndose la intervenci\u00f3n estatal directa en esta materia.<\/p>\n","protected":false},"excerpt":{"rendered":"<p>El Gobierno nacional avanz\u00f3 en la disoluci\u00f3n del Fondo Fiduciario P\u00fablico denominado Programa Cr\u00e9dito Argentino del Bicentenario para la Vivienda \u00danica Familiar (Pro.Cre.Ar) con la publicaci\u00f3n de los mecanismos para tal fin&#8230;<\/p>\n","protected":false},"author":1,"featured_media":7101,"comment_status":"open","ping_status":"open","sticky":false,"template":"","format":"standard","meta":{"footnotes":""},"categories":[3],"tags":[],"class_list":["post-7100","post","type-post","status-publish","format-standard","has-post-thumbnail","hentry","category-general"],"_links":{"self":[{"href":"https:\/\/emisoracolon.com.ar\/index.php\/wp-json\/wp\/v2\/posts\/7100","targetHints":{"allow":["GET"]}}],"collection":[{"href":"https:\/\/emisoracolon.com.ar\/index.php\/wp-json\/wp\/v2\/posts"}],"about":[{"href":"https:\/\/emisoracolon.com.ar\/index.php\/wp-json\/wp\/v2\/types\/post"}],"author":[{"embeddable":true,"href":"https:\/\/emisoracolon.com.ar\/index.php\/wp-json\/wp\/v2\/users\/1"}],"replies":[{"embeddable":true,"href":"https:\/\/emisoracolon.com.ar\/index.php\/wp-json\/wp\/v2\/comments?post=7100"}],"version-history":[{"count":1,"href":"https:\/\/emisoracolon.com.ar\/index.php\/wp-json\/wp\/v2\/posts\/7100\/revisions"}],"predecessor-version":[{"id":7102,"href":"https:\/\/emisoracolon.com.ar\/index.php\/wp-json\/wp\/v2\/posts\/7100\/revisions\/7102"}],"wp:featuredmedia":[{"embeddable":true,"href":"https:\/\/emisoracolon.com.ar\/index.php\/wp-json\/wp\/v2\/media\/7101"}],"wp:attachment":[{"href":"https:\/\/emisoracolon.com.ar\/index.php\/wp-json\/wp\/v2\/media?parent=7100"}],"wp:term":[{"taxonomy":"category","embeddable":true,"href":"https:\/\/emisoracolon.com.ar\/index.php\/wp-json\/wp\/v2\/categories?post=7100"},{"taxonomy":"post_tag","embeddable":true,"href":"https:\/\/emisoracolon.com.ar\/index.php\/wp-json\/wp\/v2\/tags?post=7100"}],"curies":[{"name":"wp","href":"https:\/\/api.w.org\/{rel}","templated":true}]}}