{"id":7096,"date":"2025-06-09T17:20:23","date_gmt":"2025-06-09T20:20:23","guid":{"rendered":"https:\/\/emisoracolon.com.ar\/?p=7096"},"modified":"2025-06-09T17:20:23","modified_gmt":"2025-06-09T20:20:23","slug":"se-hizo-la-feria-de-artesanos-en-la-plaza","status":"publish","type":"post","link":"https:\/\/emisoracolon.com.ar\/index.php\/2025\/06\/09\/se-hizo-la-feria-de-artesanos-en-la-plaza\/","title":{"rendered":"Se hizo la feria de artesanos en la plaza"},"content":{"rendered":"\n<p>Una interesante Feria de Artesanos y Emprendedores tuvo lugar ayer por la tarde en la Plaza San Mart\u00edn<\/p>\n\n\n\n<p>Ayer muchos vecinos, familias con sus hijos disfrutaron de una jornada muy interesante en el sector del Patio del Artista, donde, no menos de cincuenta stands se pudieron visitar en una nueva edici\u00f3n de la Feria de Artesanos, Emprendedores y Gastron\u00f3micos.<\/p>\n\n\n\n<p>Hubo productos artesanales y tambi\u00e9n se pudieron ver elementos muy originales, un sector de emprendimientos y m\u00fasica en vivo que reuni\u00f3 a mucha gente en ese lugar.<\/p>\n\n\n\n<p>Cabe mencionar que todo comenz\u00f3 poco despu\u00e9s del mediod\u00eda, claramente, la intenci\u00f3n fue aprovechar los rayos del sol en un d\u00eda excelente, porque luego el fr\u00edo se hace insoportable para muchos. Fue una linda jornada familiar en la plaza<\/p>\n","protected":false},"excerpt":{"rendered":"<p>Una interesante Feria de Artesanos y Emprendedores tuvo lugar ayer por la tarde en la Plaza San Mart\u00edn Ayer muchos vecinos, familias con sus hijos disfrutaron de una jornada muy interesante en&#8230;<\/p>\n","protected":false},"author":1,"featured_media":6364,"comment_status":"open","ping_status":"open","sticky":false,"template":"","format":"standard","meta":{"footnotes":""},"categories":[7,3],"tags":[],"class_list":["post-7096","post","type-post","status-publish","format-standard","has-post-thumbnail","hentry","category-cultura","category-general"],"_links":{"self":[{"href":"https:\/\/emisoracolon.com.ar\/index.php\/wp-json\/wp\/v2\/posts\/7096","targetHints":{"allow":["GET"]}}],"collection":[{"href":"https:\/\/emisoracolon.com.ar\/index.php\/wp-json\/wp\/v2\/posts"}],"about":[{"href":"https:\/\/emisoracolon.com.ar\/index.php\/wp-json\/wp\/v2\/types\/post"}],"author":[{"embeddable":true,"href":"https:\/\/emisoracolon.com.ar\/index.php\/wp-json\/wp\/v2\/users\/1"}],"replies":[{"embeddable":true,"href":"https:\/\/emisoracolon.com.ar\/index.php\/wp-json\/wp\/v2\/comments?post=7096"}],"version-history":[{"count":1,"href":"https:\/\/emisoracolon.com.ar\/index.php\/wp-json\/wp\/v2\/posts\/7096\/revisions"}],"predecessor-version":[{"id":7097,"href":"https:\/\/emisoracolon.com.ar\/index.php\/wp-json\/wp\/v2\/posts\/7096\/revisions\/7097"}],"wp:featuredmedia":[{"embeddable":true,"href":"https:\/\/emisoracolon.com.ar\/index.php\/wp-json\/wp\/v2\/media\/6364"}],"wp:attachment":[{"href":"https:\/\/emisoracolon.com.ar\/index.php\/wp-json\/wp\/v2\/media?parent=7096"}],"wp:term":[{"taxonomy":"category","embeddable":true,"href":"https:\/\/emisoracolon.com.ar\/index.php\/wp-json\/wp\/v2\/categories?post=7096"},{"taxonomy":"post_tag","embeddable":true,"href":"https:\/\/emisoracolon.com.ar\/index.php\/wp-json\/wp\/v2\/tags?post=7096"}],"curies":[{"name":"wp","href":"https:\/\/api.w.org\/{rel}","templated":true}]}}