{"id":7084,"date":"2025-06-06T16:47:35","date_gmt":"2025-06-06T19:47:35","guid":{"rendered":"https:\/\/emisoracolon.com.ar\/?p=7084"},"modified":"2025-06-06T16:47:35","modified_gmt":"2025-06-06T19:47:35","slug":"monto-del-bono-previsional","status":"publish","type":"post","link":"https:\/\/emisoracolon.com.ar\/index.php\/2025\/06\/06\/monto-del-bono-previsional\/","title":{"rendered":"Monto del Bono Previsional"},"content":{"rendered":"\n<p>Tras su tratamiento en la Comisi\u00f3n de Legislaci\u00f3n e Interpretaci\u00f3n, el Bloque Primero Col\u00f3n, representado por la concejala Alicia Franco, logr\u00f3 la aprobaci\u00f3n de una Resoluci\u00f3n mediante la cual solicita al Gobierno Nacional la elevaci\u00f3n del monto del bono extraordinario previsional, llev\u00e1ndolo de $70.000 a $145.370. La iniciativa fue impulsada d\u00edas antes de que la C\u00e1mara de Diputados sancionara una ley que lo establece en $110.000.<\/p>\n\n\n\n<p>Al fundamentar su propuesta, la concejala Franco explic\u00f3 que &#8220;el bono previsional se mantiene congelado en $70.000 desde marzo de 2024, lo cual ha licuado su capacidad de compra mes a mes. Esta situaci\u00f3n impacta negativamente sobre quienes perciben haberes m\u00ednimos, que contin\u00faan perdiendo poder adquisitivo de manera dram\u00e1tica.&#8221;<\/p>\n\n\n\n<p>Franco tambi\u00e9n se\u00f1al\u00f3 el desmantelamiento del programa \u201cVivir Mejor\u201d, que garantizaba el 100% de cobertura en medicamentos esenciales para los afiliados al PAMI mayores de 60 a\u00f1os. &#8220;El gobierno nacional restringi\u00f3 el acceso gratuito a medicamentos, lo que agrava a\u00fan m\u00e1s la situaci\u00f3n de los jubilados y pensionados,&#8221; agreg\u00f3.<\/p>\n\n\n\n<p>Seg\u00fan los \u00faltimos datos difundidos por los medios, en abril las jubilaciones, pensiones y asignaciones tuvieron un aumento del 2,4%. De esta manera, quienes perciben la jubilaci\u00f3n m\u00ednima junto con el bono de $70.000 pasaron a recibir $355.820,63. Aquellas prestaciones que no alcanzan ese monto reciben un bono proporcional hasta llegar al mismo.<\/p>\n\n\n\n<p>Franco advirti\u00f3 que en marzo de 2025 se produjo una nueva devaluaci\u00f3n del peso argentino, con la consiguiente suba de precios, lo que deteriora a\u00fan m\u00e1s el poder adquisitivo de los jubilados. Tambi\u00e9n repas\u00f3 el marco normativo de la movilidad jubilatoria desde su creaci\u00f3n en 2008 hasta las modificaciones recientes implementadas por el actual gobierno a trav\u00e9s del Decreto 274\/2024, que dispuso la actualizaci\u00f3n mensual de los haberes seg\u00fan el IPC elaborado por el INDEC.<\/p>\n\n\n\n<p>&#8220;Aumentos en tarifas de agua, luz, gas y transporte triplicaron la inflaci\u00f3n promedio, con una suba acumulada del 429%. En este contexto, el bono de $70.000 no se ajust\u00f3 por inflaci\u00f3n ni fue incorporado al haber jubilatorio, lo que agrava su p\u00e9rdida de valor real y excluye su impacto en el c\u00e1lculo del aguinaldo,&#8221; afirm\u00f3 Franco.<\/p>\n\n\n\n<p>Seg\u00fan sus c\u00e1lculos, si el bono se hubiera actualizado por inflaci\u00f3n, hoy deber\u00eda ascender a $145.370. En cambio, mantenerlo congelado implica negarle a los jubilados $97.341 mensuales adicionales. Adem\u00e1s, entre marzo de 2024 y febrero de 2025, mientras los haberes aumentaron un 103,1%, la m\u00ednima (con bono incluido) lo hizo solo en un 67,8%.<\/p>\n\n\n\n<p>En este contexto, el bloque present\u00f3 el siguiente proyecto de resoluci\u00f3n:<\/p>\n\n\n\n<p>Art\u00edculo 1: Solic\u00edtese al Gobierno Nacional que disponga, de forma inmediata, la elevaci\u00f3n del Bono Extraordinario Previsional previsto en el Decreto 237\/2025 a la suma de $145.370, de conformidad con el porcentaje del IPC relevado por el INDEC en los \u00faltimos meses.<\/p>\n\n\n\n<p>Al tratarse el expediente en el recinto, el concejal Marcelo Villa se\u00f1al\u00f3 errores de redacci\u00f3n \u2014aunque no en el contenido de fondo\u2014, lo que motiv\u00f3 que se realizaran correcciones formales antes de su aprobaci\u00f3n definitiva. Finalmente, el proyecto fue aprobado con las modificaciones solicitadas.<\/p>\n","protected":false},"excerpt":{"rendered":"<p>Tras su tratamiento en la Comisi\u00f3n de Legislaci\u00f3n e Interpretaci\u00f3n, el Bloque Primero Col\u00f3n, representado por la concejala Alicia Franco, logr\u00f3 la aprobaci\u00f3n de una Resoluci\u00f3n mediante la cual solicita al Gobierno&#8230;<\/p>\n","protected":false},"author":1,"featured_media":4313,"comment_status":"open","ping_status":"open","sticky":false,"template":"","format":"standard","meta":{"footnotes":""},"categories":[3],"tags":[],"class_list":["post-7084","post","type-post","status-publish","format-standard","has-post-thumbnail","hentry","category-general"],"_links":{"self":[{"href":"https:\/\/emisoracolon.com.ar\/index.php\/wp-json\/wp\/v2\/posts\/7084","targetHints":{"allow":["GET"]}}],"collection":[{"href":"https:\/\/emisoracolon.com.ar\/index.php\/wp-json\/wp\/v2\/posts"}],"about":[{"href":"https:\/\/emisoracolon.com.ar\/index.php\/wp-json\/wp\/v2\/types\/post"}],"author":[{"embeddable":true,"href":"https:\/\/emisoracolon.com.ar\/index.php\/wp-json\/wp\/v2\/users\/1"}],"replies":[{"embeddable":true,"href":"https:\/\/emisoracolon.com.ar\/index.php\/wp-json\/wp\/v2\/comments?post=7084"}],"version-history":[{"count":1,"href":"https:\/\/emisoracolon.com.ar\/index.php\/wp-json\/wp\/v2\/posts\/7084\/revisions"}],"predecessor-version":[{"id":7085,"href":"https:\/\/emisoracolon.com.ar\/index.php\/wp-json\/wp\/v2\/posts\/7084\/revisions\/7085"}],"wp:featuredmedia":[{"embeddable":true,"href":"https:\/\/emisoracolon.com.ar\/index.php\/wp-json\/wp\/v2\/media\/4313"}],"wp:attachment":[{"href":"https:\/\/emisoracolon.com.ar\/index.php\/wp-json\/wp\/v2\/media?parent=7084"}],"wp:term":[{"taxonomy":"category","embeddable":true,"href":"https:\/\/emisoracolon.com.ar\/index.php\/wp-json\/wp\/v2\/categories?post=7084"},{"taxonomy":"post_tag","embeddable":true,"href":"https:\/\/emisoracolon.com.ar\/index.php\/wp-json\/wp\/v2\/tags?post=7084"}],"curies":[{"name":"wp","href":"https:\/\/api.w.org\/{rel}","templated":true}]}}