{"id":7077,"date":"2025-06-05T16:56:27","date_gmt":"2025-06-05T19:56:27","guid":{"rendered":"https:\/\/emisoracolon.com.ar\/?p=7077"},"modified":"2025-06-05T16:56:27","modified_gmt":"2025-06-05T19:56:27","slug":"importante-cita-para-los-trabajadores-rurales","status":"publish","type":"post","link":"https:\/\/emisoracolon.com.ar\/index.php\/2025\/06\/05\/importante-cita-para-los-trabajadores-rurales\/","title":{"rendered":"Importante cita para los trabajadores rurales"},"content":{"rendered":"\n<p>Este viernes llega el Ministerio de Desarrollo Agrario a Col\u00f3n, ser\u00e1 en el Polo Cultural, calle 11 N\u00b0 42 desde las 14:00<\/p>\n\n\n\n<p>Roberto Salvarezza, en representaci\u00f3n del Ministerio, adelant\u00f3 detalles de esta jornada pensada especialmente para trabajadores rurales, productores y trabajadores independientes del \u00e1mbito rural.<\/p>\n\n\n\n<p>Habr\u00e1 Capacitaci\u00f3n sobre la nueva Ley de Trabajo Agrario: cambios clave en contrataciones, jubilaci\u00f3n, bolsas de trabajo y derechos laborales.<\/p>\n\n\n\n<p>Presentaci\u00f3n de l\u00edneas de financiamiento: Cr\u00e9ditos para compra de maquinaria y Programa &#8220;Moto Rural&#8221; con cuotas hasta en 36 meses<\/p>\n\n\n\n<p>\u201cLa idea es que los trabajadores se informen, conozcan sus derechos y accedan a herramientas que mejoren su d\u00eda a d\u00eda\u201d, se\u00f1al\u00f3 Salvarezza, destacando el trabajo articulado con el intendente Waldemar Giordano, el secretario de Producci\u00f3n Diego Bastianelli y la concejal Mariela Luciani.<\/p>\n\n\n\n<p>&#8212;&#8212;&#8212;&#8212;&#8212;&#8212;&#8212;&#8212;&#8212;&#8212;&#8212;&#8212;&#8212;&#8212;-<\/p>\n","protected":false},"excerpt":{"rendered":"<p>Este viernes llega el Ministerio de Desarrollo Agrario a Col\u00f3n, ser\u00e1 en el Polo Cultural, calle 11 N\u00b0 42 desde las 14:00 Roberto Salvarezza, en representaci\u00f3n del Ministerio, adelant\u00f3 detalles de esta&#8230;<\/p>\n","protected":false},"author":1,"featured_media":6793,"comment_status":"open","ping_status":"open","sticky":false,"template":"","format":"standard","meta":{"footnotes":""},"categories":[3],"tags":[],"class_list":["post-7077","post","type-post","status-publish","format-standard","has-post-thumbnail","hentry","category-general"],"_links":{"self":[{"href":"https:\/\/emisoracolon.com.ar\/index.php\/wp-json\/wp\/v2\/posts\/7077","targetHints":{"allow":["GET"]}}],"collection":[{"href":"https:\/\/emisoracolon.com.ar\/index.php\/wp-json\/wp\/v2\/posts"}],"about":[{"href":"https:\/\/emisoracolon.com.ar\/index.php\/wp-json\/wp\/v2\/types\/post"}],"author":[{"embeddable":true,"href":"https:\/\/emisoracolon.com.ar\/index.php\/wp-json\/wp\/v2\/users\/1"}],"replies":[{"embeddable":true,"href":"https:\/\/emisoracolon.com.ar\/index.php\/wp-json\/wp\/v2\/comments?post=7077"}],"version-history":[{"count":1,"href":"https:\/\/emisoracolon.com.ar\/index.php\/wp-json\/wp\/v2\/posts\/7077\/revisions"}],"predecessor-version":[{"id":7078,"href":"https:\/\/emisoracolon.com.ar\/index.php\/wp-json\/wp\/v2\/posts\/7077\/revisions\/7078"}],"wp:featuredmedia":[{"embeddable":true,"href":"https:\/\/emisoracolon.com.ar\/index.php\/wp-json\/wp\/v2\/media\/6793"}],"wp:attachment":[{"href":"https:\/\/emisoracolon.com.ar\/index.php\/wp-json\/wp\/v2\/media?parent=7077"}],"wp:term":[{"taxonomy":"category","embeddable":true,"href":"https:\/\/emisoracolon.com.ar\/index.php\/wp-json\/wp\/v2\/categories?post=7077"},{"taxonomy":"post_tag","embeddable":true,"href":"https:\/\/emisoracolon.com.ar\/index.php\/wp-json\/wp\/v2\/tags?post=7077"}],"curies":[{"name":"wp","href":"https:\/\/api.w.org\/{rel}","templated":true}]}}