{"id":7074,"date":"2025-06-05T16:55:33","date_gmt":"2025-06-05T19:55:33","guid":{"rendered":"https:\/\/emisoracolon.com.ar\/?p=7074"},"modified":"2025-06-05T16:55:33","modified_gmt":"2025-06-05T19:55:33","slug":"colon-presente-en-el-4-congreso-nacional-de-estrellas-amarillas","status":"publish","type":"post","link":"https:\/\/emisoracolon.com.ar\/index.php\/2025\/06\/05\/colon-presente-en-el-4-congreso-nacional-de-estrellas-amarillas\/","title":{"rendered":"Col\u00f3n presente en el 4\u00b0 Congreso Nacional de Estrellas Amarillas"},"content":{"rendered":"\n<p>Integrantes del Grupo Estrellas Amarillas Col\u00f3n est\u00e1n participando en San Juan del 4\u00b0 Congreso Nacional de Concientizaci\u00f3n Vial, junto a referentes de m\u00e1s de 22 provincias. Un espacio de intercambio, reflexi\u00f3n y compromiso por la prevenci\u00f3n vial y en memoria de quienes ya no est\u00e1n. Carlos Lavezzi, del grupo local, comparti\u00f3 que est\u00e1n trabajando en tem\u00e1ticas clave como la reforma del C\u00f3digo Penal para que haya justicia real en casos de siniestros viales, y en la mejora de los procedimientos judiciales. Tambi\u00e9n destac\u00f3 la importancia de seguir generando conciencia en las escuelas, con teatro, charlas y campa\u00f1as.<\/p>\n\n\n\n<p>Desde Col\u00f3n, se suma adem\u00e1s la campa\u00f1a Ni R\u00e1pidos Ni Furiosos, con actividades durante 4 meses junto a la Fundaci\u00f3n Mazzieri, ciclistas locales y la Municipalidad. La propuesta busca llegar a los j\u00f3venes con un mensaje claro: la vida vale m\u00e1s.<\/p>\n\n\n\n<p>\u201cNos llevamos muchas ideas y experiencias para volcar en nuestra ciudad. Cada granito de arena sirve para cambiar la realidad\u201d, expres\u00f3 Lavezzi, agradeciendo el apoyo del intendente Waldemar Giordano, Natalia Avetta y el \u00e1rea de Tr\u00e1nsito.<\/p>\n","protected":false},"excerpt":{"rendered":"<p>Integrantes del Grupo Estrellas Amarillas Col\u00f3n est\u00e1n participando en San Juan del 4\u00b0 Congreso Nacional de Concientizaci\u00f3n Vial, junto a referentes de m\u00e1s de 22 provincias. Un espacio de intercambio, reflexi\u00f3n y&#8230;<\/p>\n","protected":false},"author":1,"featured_media":7075,"comment_status":"open","ping_status":"open","sticky":false,"template":"","format":"standard","meta":{"footnotes":""},"categories":[3],"tags":[],"class_list":["post-7074","post","type-post","status-publish","format-standard","has-post-thumbnail","hentry","category-general"],"_links":{"self":[{"href":"https:\/\/emisoracolon.com.ar\/index.php\/wp-json\/wp\/v2\/posts\/7074","targetHints":{"allow":["GET"]}}],"collection":[{"href":"https:\/\/emisoracolon.com.ar\/index.php\/wp-json\/wp\/v2\/posts"}],"about":[{"href":"https:\/\/emisoracolon.com.ar\/index.php\/wp-json\/wp\/v2\/types\/post"}],"author":[{"embeddable":true,"href":"https:\/\/emisoracolon.com.ar\/index.php\/wp-json\/wp\/v2\/users\/1"}],"replies":[{"embeddable":true,"href":"https:\/\/emisoracolon.com.ar\/index.php\/wp-json\/wp\/v2\/comments?post=7074"}],"version-history":[{"count":1,"href":"https:\/\/emisoracolon.com.ar\/index.php\/wp-json\/wp\/v2\/posts\/7074\/revisions"}],"predecessor-version":[{"id":7076,"href":"https:\/\/emisoracolon.com.ar\/index.php\/wp-json\/wp\/v2\/posts\/7074\/revisions\/7076"}],"wp:featuredmedia":[{"embeddable":true,"href":"https:\/\/emisoracolon.com.ar\/index.php\/wp-json\/wp\/v2\/media\/7075"}],"wp:attachment":[{"href":"https:\/\/emisoracolon.com.ar\/index.php\/wp-json\/wp\/v2\/media?parent=7074"}],"wp:term":[{"taxonomy":"category","embeddable":true,"href":"https:\/\/emisoracolon.com.ar\/index.php\/wp-json\/wp\/v2\/categories?post=7074"},{"taxonomy":"post_tag","embeddable":true,"href":"https:\/\/emisoracolon.com.ar\/index.php\/wp-json\/wp\/v2\/tags?post=7074"}],"curies":[{"name":"wp","href":"https:\/\/api.w.org\/{rel}","templated":true}]}}