{"id":7071,"date":"2025-06-05T16:54:25","date_gmt":"2025-06-05T19:54:25","guid":{"rendered":"https:\/\/emisoracolon.com.ar\/?p=7071"},"modified":"2025-06-05T16:54:25","modified_gmt":"2025-06-05T19:54:25","slug":"asamblea-local-del-programa-decision-ninez-2","status":"publish","type":"post","link":"https:\/\/emisoracolon.com.ar\/index.php\/2025\/06\/05\/asamblea-local-del-programa-decision-ninez-2\/","title":{"rendered":"Asamblea local del Programa Decisi\u00f3n Ni\u00f1ez"},"content":{"rendered":"\n<p>El programa \u201cDecisi\u00f3n Ni\u00f1ez 2025\u201d de nuestra ciudad tendr\u00e1 su asamblea local, la cual es parte del cronograma de actividades previstas en el proyecto.<\/p>\n\n\n\n<p>La misma se llevar\u00e1 a cabo el pr\u00f3ximo martes 10 de junio de 9:00 y a 11:00, en la sede del Polo Cultural (11 y 42).<\/p>\n\n\n\n<p>Los proyectos son los siguientes:<\/p>\n\n\n\n<p>\u201cOperaci\u00f3n huerta parte 2\u201d, EP6 &#8211; Damiana Ferreyra.<\/p>\n\n\n\n<p>\u201cSol y Sabor, Deshidratando FUTURO\u201d, EP2.<\/p>\n\n\n\n<p>\u201cArreglo de la cancha de b\u00e1squet del barrio\u201d, ES2<\/p>\n\n\n\n<p>\u201cTecho del bicicletero\u201d, ES2.<\/p>\n\n\n\n<p>\u201cUn Club para todos\u201d, ES4 &#8211; Felipe Gerardo Mauro<\/p>\n\n\n\n<p>\u201cRenovando Sonrisas: El Espacio que Nos Une\u201d, Programa Municipal Sonriendo.<\/p>\n\n\n\n<p>\u201cCultivando sin tierra\u201d, ES5 &#8211; H\u00e9roes de Malvinas<\/p>\n\n\n\n<p>La jornada consistir\u00e1 en la presentaci\u00f3n de las propuestas a la comunidad presente y la realizaci\u00f3n de las asambleas de participantes y de referentes, para la definici\u00f3n de las siguientes etapas. Este a\u00f1o, se propone que la presentaci\u00f3n sea en stand, donde cada proyecto tendr\u00e1 destinado un espacio para exponer su proyecto y compartir con quienes recorran, informaci\u00f3n y detalles del mismo.<\/p>\n","protected":false},"excerpt":{"rendered":"<p>El programa \u201cDecisi\u00f3n Ni\u00f1ez 2025\u201d de nuestra ciudad tendr\u00e1 su asamblea local, la cual es parte del cronograma de actividades previstas en el proyecto. La misma se llevar\u00e1 a cabo el pr\u00f3ximo&#8230;<\/p>\n","protected":false},"author":1,"featured_media":7072,"comment_status":"open","ping_status":"open","sticky":false,"template":"","format":"standard","meta":{"footnotes":""},"categories":[3],"tags":[],"class_list":["post-7071","post","type-post","status-publish","format-standard","has-post-thumbnail","hentry","category-general"],"_links":{"self":[{"href":"https:\/\/emisoracolon.com.ar\/index.php\/wp-json\/wp\/v2\/posts\/7071","targetHints":{"allow":["GET"]}}],"collection":[{"href":"https:\/\/emisoracolon.com.ar\/index.php\/wp-json\/wp\/v2\/posts"}],"about":[{"href":"https:\/\/emisoracolon.com.ar\/index.php\/wp-json\/wp\/v2\/types\/post"}],"author":[{"embeddable":true,"href":"https:\/\/emisoracolon.com.ar\/index.php\/wp-json\/wp\/v2\/users\/1"}],"replies":[{"embeddable":true,"href":"https:\/\/emisoracolon.com.ar\/index.php\/wp-json\/wp\/v2\/comments?post=7071"}],"version-history":[{"count":1,"href":"https:\/\/emisoracolon.com.ar\/index.php\/wp-json\/wp\/v2\/posts\/7071\/revisions"}],"predecessor-version":[{"id":7073,"href":"https:\/\/emisoracolon.com.ar\/index.php\/wp-json\/wp\/v2\/posts\/7071\/revisions\/7073"}],"wp:featuredmedia":[{"embeddable":true,"href":"https:\/\/emisoracolon.com.ar\/index.php\/wp-json\/wp\/v2\/media\/7072"}],"wp:attachment":[{"href":"https:\/\/emisoracolon.com.ar\/index.php\/wp-json\/wp\/v2\/media?parent=7071"}],"wp:term":[{"taxonomy":"category","embeddable":true,"href":"https:\/\/emisoracolon.com.ar\/index.php\/wp-json\/wp\/v2\/categories?post=7071"},{"taxonomy":"post_tag","embeddable":true,"href":"https:\/\/emisoracolon.com.ar\/index.php\/wp-json\/wp\/v2\/tags?post=7071"}],"curies":[{"name":"wp","href":"https:\/\/api.w.org\/{rel}","templated":true}]}}