{"id":7065,"date":"2025-06-05T16:52:51","date_gmt":"2025-06-05T19:52:51","guid":{"rendered":"https:\/\/emisoracolon.com.ar\/?p=7065"},"modified":"2025-06-05T16:52:51","modified_gmt":"2025-06-05T19:52:51","slug":"aumento-a-jubilados-no-todos-estaban-de-acuerdo","status":"publish","type":"post","link":"https:\/\/emisoracolon.com.ar\/index.php\/2025\/06\/05\/aumento-a-jubilados-no-todos-estaban-de-acuerdo\/","title":{"rendered":"Aumento a jubilados, no todos estaban de acuerdo"},"content":{"rendered":"\n<p>La oposici\u00f3n logr\u00f3 darle media sanci\u00f3n a los proyectos de ley \u2014que ahora deber\u00e1n ir al Senado\u2014 para aumentar de emergencia los haberes de los jubilados en car\u00e1cter de &#8220;emergencia&#8221; por un 7,2%, as\u00ed como el aumento del bono, hoy congelado desde marzo del a\u00f1o pasado en 70 mil pesos, a $110.000. El Gobierno ya hab\u00eda anticipado que vetar\u00eda cualquier proyecto que repercutiera en el orden fiscal, y dan por descontado que si se aprobaba en Diputados, en el Senado saldr\u00e1 con mayor facilidad.<\/p>\n\n\n\n<p>Con 142 votos a favor, 67 en contra y 19 abstenciones, la oposici\u00f3n, de la mano de Uni\u00f3n por la Patria, Encuentro Federal (bloque que preside Miguel \u00c1ngel Pichetto), Democracia para Siempre (los radicales de Facundo Manes), la Coalici\u00f3n C\u00edvica (de Elisa Carri\u00f3) y la Izquierda lograron aprobar el proyecto.<\/p>\n\n\n\n<p>Cabe mencionar que el diputado nacional, Pablo Ansaloni, fue uno de los que vot\u00f3 en contra del aumento a los jubilados<\/p>\n\n\n\n<p>Asimismo, con 111 votos afirmativos, 100 negativos y 15 abstenciones, UxP dio la sorpresa de la jornada al lograr la aprobaci\u00f3n de la pr\u00f3rroga de la moratoria previsional, un proyecto que no se esperaba que lograra la media sanci\u00f3n, ya que el resto de los bloques opositores hab\u00edan acordado aprobar el proyecto de una prestaci\u00f3n proporcional en base a los aportes de quienes no cumplan con los 30 a\u00f1os necesarios para jubilarse pero s\u00ed tengan la edad para hacerlo. Este proyecto extiende por dos a\u00f1os m\u00e1s la moratoria que hab\u00eda vencido en marzo de este a\u00f1o.<\/p>\n","protected":false},"excerpt":{"rendered":"<p>La oposici\u00f3n logr\u00f3 darle media sanci\u00f3n a los proyectos de ley \u2014que ahora deber\u00e1n ir al Senado\u2014 para aumentar de emergencia los haberes de los jubilados en car\u00e1cter de &#8220;emergencia&#8221; por un&#8230;<\/p>\n","protected":false},"author":1,"featured_media":7066,"comment_status":"open","ping_status":"open","sticky":false,"template":"","format":"standard","meta":{"footnotes":""},"categories":[3],"tags":[],"class_list":["post-7065","post","type-post","status-publish","format-standard","has-post-thumbnail","hentry","category-general"],"_links":{"self":[{"href":"https:\/\/emisoracolon.com.ar\/index.php\/wp-json\/wp\/v2\/posts\/7065","targetHints":{"allow":["GET"]}}],"collection":[{"href":"https:\/\/emisoracolon.com.ar\/index.php\/wp-json\/wp\/v2\/posts"}],"about":[{"href":"https:\/\/emisoracolon.com.ar\/index.php\/wp-json\/wp\/v2\/types\/post"}],"author":[{"embeddable":true,"href":"https:\/\/emisoracolon.com.ar\/index.php\/wp-json\/wp\/v2\/users\/1"}],"replies":[{"embeddable":true,"href":"https:\/\/emisoracolon.com.ar\/index.php\/wp-json\/wp\/v2\/comments?post=7065"}],"version-history":[{"count":1,"href":"https:\/\/emisoracolon.com.ar\/index.php\/wp-json\/wp\/v2\/posts\/7065\/revisions"}],"predecessor-version":[{"id":7067,"href":"https:\/\/emisoracolon.com.ar\/index.php\/wp-json\/wp\/v2\/posts\/7065\/revisions\/7067"}],"wp:featuredmedia":[{"embeddable":true,"href":"https:\/\/emisoracolon.com.ar\/index.php\/wp-json\/wp\/v2\/media\/7066"}],"wp:attachment":[{"href":"https:\/\/emisoracolon.com.ar\/index.php\/wp-json\/wp\/v2\/media?parent=7065"}],"wp:term":[{"taxonomy":"category","embeddable":true,"href":"https:\/\/emisoracolon.com.ar\/index.php\/wp-json\/wp\/v2\/categories?post=7065"},{"taxonomy":"post_tag","embeddable":true,"href":"https:\/\/emisoracolon.com.ar\/index.php\/wp-json\/wp\/v2\/tags?post=7065"}],"curies":[{"name":"wp","href":"https:\/\/api.w.org\/{rel}","templated":true}]}}