{"id":7063,"date":"2025-06-05T16:50:34","date_gmt":"2025-06-05T19:50:34","guid":{"rendered":"https:\/\/emisoracolon.com.ar\/?p=7063"},"modified":"2025-06-05T16:50:34","modified_gmt":"2025-06-05T19:50:34","slug":"el-gobernador-en-la-region","status":"publish","type":"post","link":"https:\/\/emisoracolon.com.ar\/index.php\/2025\/06\/05\/el-gobernador-en-la-region\/","title":{"rendered":"El gobernador en la regi\u00f3n"},"content":{"rendered":"\n<p>Ayer el gobernador bonaerense continu\u00f3 con sus tradicionales recorridas por el interior de la Provincia, y estuvo cerca de nuestra ciudad, recorri\u00f3 una secci\u00f3n electoral complicada para el peronismo como lo es la Cuarta.<\/p>\n\n\n\n<p>Kicillof encabez\u00f3 el acto de entrega de 346 escrituras gratuitas en beneficio de familias del municipio de General Arenales, junto al ministro de Justicia y Derechos Humanos, Juan Mart\u00edn Mena; y la intendenta local, \u00c9rica Revilla. Previo a las palabras del gobernador, la intendenta del radicalismo destac\u00f3 el trabajo realizado en conjunto con la Provincia.<\/p>\n\n\n\n<p>En su discurso, Revilla sentenci\u00f3: \u201cEn las redes sociales, muchos me dicen a mi que soy una intendenta peronista. Yo trabajo codo a codo con el Gobernador porque lo \u00fanico que pretendo y que quiero es el bienestar general para todo el distrito de General Arenales\u201d.<\/p>\n\n\n\n<p>Hoy qued\u00f3 demostrado con dos ejemplos: con los patrulleros que mejorar\u00e1n la seguridad y con las escrituras que nuestros vecinos necesitaban hace tantos a\u00f1os\u201d, a\u00f1adi\u00f3 la jefa comunal.<\/p>\n\n\n\n<p>En el marco del programa \u201cMi Escritura, Mi Casa\u201d, se entregaron 346 t\u00edtulos de propiedad gratuitos a familias de distintos barrios del municipio. Al respecto, Mena sostuvo: \u201cSolo en General Arenales llevamos gestionadas m\u00e1s de 1.200 escrituras para otorgar a las familias la seguridad jur\u00eddica que necesitan sobre sus viviendas. La Escribana General de Gobierno tiene m\u00e1s de 200 a\u00f1os, pero hizo falta que llegara un gobernador con esta decisi\u00f3n pol\u00edtica para poder cumplir los sue\u00f1os de bonaerenses que esperaron durante mucho tiempo\u201d.<\/p>\n\n\n\n<p>Muchos colonenes de diferentes vertientes peronistas viajaron para acompa\u00f1ar la visita del gobernador.<\/p>\n\n\n\n<p><strong>05\/06(25 &#8211; Colonenses con Kicillof<\/strong><\/p>\n\n\n\n<p>Referentes locales del peronismo que adhieren a Axel Kicillof viajaron a Arenales para participar de la visita del gobernador. Se vienen tiempos de elecciones y en la ciudad hay algunos sectores que deber\u00e1n definir planes y luego candidaturas. Adrian Petrucci y Pablo Pino se mostraron junto al gobernador.<\/p>\n","protected":false},"excerpt":{"rendered":"<p>Ayer el gobernador bonaerense continu\u00f3 con sus tradicionales recorridas por el interior de la Provincia, y estuvo cerca de nuestra ciudad, recorri\u00f3 una secci\u00f3n electoral complicada para el peronismo como lo es&#8230;<\/p>\n","protected":false},"author":1,"featured_media":5758,"comment_status":"open","ping_status":"open","sticky":false,"template":"","format":"standard","meta":{"footnotes":""},"categories":[3],"tags":[],"class_list":["post-7063","post","type-post","status-publish","format-standard","has-post-thumbnail","hentry","category-general"],"_links":{"self":[{"href":"https:\/\/emisoracolon.com.ar\/index.php\/wp-json\/wp\/v2\/posts\/7063","targetHints":{"allow":["GET"]}}],"collection":[{"href":"https:\/\/emisoracolon.com.ar\/index.php\/wp-json\/wp\/v2\/posts"}],"about":[{"href":"https:\/\/emisoracolon.com.ar\/index.php\/wp-json\/wp\/v2\/types\/post"}],"author":[{"embeddable":true,"href":"https:\/\/emisoracolon.com.ar\/index.php\/wp-json\/wp\/v2\/users\/1"}],"replies":[{"embeddable":true,"href":"https:\/\/emisoracolon.com.ar\/index.php\/wp-json\/wp\/v2\/comments?post=7063"}],"version-history":[{"count":1,"href":"https:\/\/emisoracolon.com.ar\/index.php\/wp-json\/wp\/v2\/posts\/7063\/revisions"}],"predecessor-version":[{"id":7064,"href":"https:\/\/emisoracolon.com.ar\/index.php\/wp-json\/wp\/v2\/posts\/7063\/revisions\/7064"}],"wp:featuredmedia":[{"embeddable":true,"href":"https:\/\/emisoracolon.com.ar\/index.php\/wp-json\/wp\/v2\/media\/5758"}],"wp:attachment":[{"href":"https:\/\/emisoracolon.com.ar\/index.php\/wp-json\/wp\/v2\/media?parent=7063"}],"wp:term":[{"taxonomy":"category","embeddable":true,"href":"https:\/\/emisoracolon.com.ar\/index.php\/wp-json\/wp\/v2\/categories?post=7063"},{"taxonomy":"post_tag","embeddable":true,"href":"https:\/\/emisoracolon.com.ar\/index.php\/wp-json\/wp\/v2\/tags?post=7063"}],"curies":[{"name":"wp","href":"https:\/\/api.w.org\/{rel}","templated":true}]}}