{"id":7061,"date":"2025-06-05T16:36:17","date_gmt":"2025-06-05T19:36:17","guid":{"rendered":"https:\/\/emisoracolon.com.ar\/?p=7061"},"modified":"2025-06-05T16:36:17","modified_gmt":"2025-06-05T19:36:17","slug":"c-e-c-corte-programado-2","status":"publish","type":"post","link":"https:\/\/emisoracolon.com.ar\/index.php\/2025\/06\/05\/c-e-c-corte-programado-2\/","title":{"rendered":"C.E.C Corte Programado"},"content":{"rendered":"\n<p>Informamos a la comunidad que este VIERNES 6 DE JUNIO, se realizar\u00e1 un corte programado de suministro el\u00e9ctrico debido a tareas de mantenimiento preventivo en media tensi\u00f3n, necesarias para garantizar un mejor servicio.<br>\u2800<br>\ud83d\udd62 Horario: De 7:30 a 12:00 hs.<\/p>\n\n\n\n<p><br>\ud83d\udccd <strong>Zona afectada:<\/strong><br>Alimentador 5 \u2013 L\u00ednea Indio Muerto \u2013 La Juliana y derivaciones.<br>Incluye: L\u00ednea Rural, Indio Muerto, La Juliana desde Col\u00f3n, Derivaciones Zanone, GTA, Montagna y L\u00f3pez. <em>(Ver plano)<\/em><br>\u2800<br>\u26a0\ufe0f Los trabajos se suspenden en caso de lluvia.<br>\u2800<\/p>\n","protected":false},"excerpt":{"rendered":"<p>Informamos a la comunidad que este VIERNES 6 DE JUNIO, se realizar\u00e1 un corte programado de suministro el\u00e9ctrico debido a tareas de mantenimiento preventivo en media tensi\u00f3n, necesarias para garantizar un mejor&#8230;<\/p>\n","protected":false},"author":1,"featured_media":472,"comment_status":"open","ping_status":"open","sticky":false,"template":"","format":"standard","meta":{"footnotes":""},"categories":[3],"tags":[],"class_list":["post-7061","post","type-post","status-publish","format-standard","has-post-thumbnail","hentry","category-general"],"_links":{"self":[{"href":"https:\/\/emisoracolon.com.ar\/index.php\/wp-json\/wp\/v2\/posts\/7061","targetHints":{"allow":["GET"]}}],"collection":[{"href":"https:\/\/emisoracolon.com.ar\/index.php\/wp-json\/wp\/v2\/posts"}],"about":[{"href":"https:\/\/emisoracolon.com.ar\/index.php\/wp-json\/wp\/v2\/types\/post"}],"author":[{"embeddable":true,"href":"https:\/\/emisoracolon.com.ar\/index.php\/wp-json\/wp\/v2\/users\/1"}],"replies":[{"embeddable":true,"href":"https:\/\/emisoracolon.com.ar\/index.php\/wp-json\/wp\/v2\/comments?post=7061"}],"version-history":[{"count":1,"href":"https:\/\/emisoracolon.com.ar\/index.php\/wp-json\/wp\/v2\/posts\/7061\/revisions"}],"predecessor-version":[{"id":7062,"href":"https:\/\/emisoracolon.com.ar\/index.php\/wp-json\/wp\/v2\/posts\/7061\/revisions\/7062"}],"wp:featuredmedia":[{"embeddable":true,"href":"https:\/\/emisoracolon.com.ar\/index.php\/wp-json\/wp\/v2\/media\/472"}],"wp:attachment":[{"href":"https:\/\/emisoracolon.com.ar\/index.php\/wp-json\/wp\/v2\/media?parent=7061"}],"wp:term":[{"taxonomy":"category","embeddable":true,"href":"https:\/\/emisoracolon.com.ar\/index.php\/wp-json\/wp\/v2\/categories?post=7061"},{"taxonomy":"post_tag","embeddable":true,"href":"https:\/\/emisoracolon.com.ar\/index.php\/wp-json\/wp\/v2\/tags?post=7061"}],"curies":[{"name":"wp","href":"https:\/\/api.w.org\/{rel}","templated":true}]}}