{"id":7059,"date":"2025-06-04T18:08:10","date_gmt":"2025-06-04T21:08:10","guid":{"rendered":"https:\/\/emisoracolon.com.ar\/?p=7059"},"modified":"2025-06-04T18:08:10","modified_gmt":"2025-06-04T21:08:10","slug":"10-anos-de-niunamenos","status":"publish","type":"post","link":"https:\/\/emisoracolon.com.ar\/index.php\/2025\/06\/04\/10-anos-de-niunamenos\/","title":{"rendered":"10 a\u00f1os de NiUnaMenos"},"content":{"rendered":"\n<p>A 10 a\u00f1os de la primera movilizaci\u00f3n de #NiUnaMenos, desde la Direcci\u00f3n de G\u00e9nero, se realizaron dos encuentros de reflexi\u00f3n y debate a trav\u00e9s de la lectura de diferentes libros que visibilizan las desigualdades de g\u00e9nero en nuestra sociedad. Adem\u00e1s, se comparti\u00f3 informaci\u00f3n acerca de d\u00f3nde pedir ayuda ante una situaci\u00f3n de violencia de g\u00e9nero.<\/p>\n\n\n\n<p>El agradecimiento es para la comisi\u00f3n de la Biblioteca Mariano Moreno por ceder el espacio a los\/as estudiantes de la carrera de AT del Instituto Superior 124 y a cada vecino y vecina que se acerc\u00f3 a participar.<\/p>\n","protected":false},"excerpt":{"rendered":"<p>A 10 a\u00f1os de la primera movilizaci\u00f3n de #NiUnaMenos, desde la Direcci\u00f3n de G\u00e9nero, se realizaron dos encuentros de reflexi\u00f3n y debate a trav\u00e9s de la lectura de diferentes libros que visibilizan&#8230;<\/p>\n","protected":false},"author":1,"featured_media":7044,"comment_status":"open","ping_status":"open","sticky":false,"template":"","format":"standard","meta":{"footnotes":""},"categories":[3],"tags":[],"class_list":["post-7059","post","type-post","status-publish","format-standard","has-post-thumbnail","hentry","category-general"],"_links":{"self":[{"href":"https:\/\/emisoracolon.com.ar\/index.php\/wp-json\/wp\/v2\/posts\/7059","targetHints":{"allow":["GET"]}}],"collection":[{"href":"https:\/\/emisoracolon.com.ar\/index.php\/wp-json\/wp\/v2\/posts"}],"about":[{"href":"https:\/\/emisoracolon.com.ar\/index.php\/wp-json\/wp\/v2\/types\/post"}],"author":[{"embeddable":true,"href":"https:\/\/emisoracolon.com.ar\/index.php\/wp-json\/wp\/v2\/users\/1"}],"replies":[{"embeddable":true,"href":"https:\/\/emisoracolon.com.ar\/index.php\/wp-json\/wp\/v2\/comments?post=7059"}],"version-history":[{"count":1,"href":"https:\/\/emisoracolon.com.ar\/index.php\/wp-json\/wp\/v2\/posts\/7059\/revisions"}],"predecessor-version":[{"id":7060,"href":"https:\/\/emisoracolon.com.ar\/index.php\/wp-json\/wp\/v2\/posts\/7059\/revisions\/7060"}],"wp:featuredmedia":[{"embeddable":true,"href":"https:\/\/emisoracolon.com.ar\/index.php\/wp-json\/wp\/v2\/media\/7044"}],"wp:attachment":[{"href":"https:\/\/emisoracolon.com.ar\/index.php\/wp-json\/wp\/v2\/media?parent=7059"}],"wp:term":[{"taxonomy":"category","embeddable":true,"href":"https:\/\/emisoracolon.com.ar\/index.php\/wp-json\/wp\/v2\/categories?post=7059"},{"taxonomy":"post_tag","embeddable":true,"href":"https:\/\/emisoracolon.com.ar\/index.php\/wp-json\/wp\/v2\/tags?post=7059"}],"curies":[{"name":"wp","href":"https:\/\/api.w.org\/{rel}","templated":true}]}}