{"id":7057,"date":"2025-06-04T18:07:51","date_gmt":"2025-06-04T21:07:51","guid":{"rendered":"https:\/\/emisoracolon.com.ar\/?p=7057"},"modified":"2025-06-04T18:07:51","modified_gmt":"2025-06-04T21:07:51","slug":"julio-alvarez-volvio-a-reclamar-mejoras-en-calles-de-colon","status":"publish","type":"post","link":"https:\/\/emisoracolon.com.ar\/index.php\/2025\/06\/04\/julio-alvarez-volvio-a-reclamar-mejoras-en-calles-de-colon\/","title":{"rendered":"Julio \u00c1lvarez volvi\u00f3 a reclamar mejoras en calles de Col\u00f3n"},"content":{"rendered":"\n<p>Durante la \u00faltima sesi\u00f3n del Concejo Deliberante, el concejal Julio \u00c1lvarez reiter\u00f3 su preocupaci\u00f3n por el estado de varias calles de la ciudad, una tem\u00e1tica que aborda de forma constante en sus intervenciones. Esta vez, enumer\u00f3 una serie de arterias que, seg\u00fan expres\u00f3, requieren intervenci\u00f3n urgente por parte del \u00e1rea de Obras P\u00fablicas.<\/p>\n\n\n\n<p>Entre los puntos cr\u00edticos mencion\u00f3 la calle 135 entre 42 y 46, y la 44 entre 133 y 135, donde se forman piletones de agua que dificultan la salida de los vecinos del barrio. \u201cEstuvieron con las maquinarias reparando tubos de desag\u00fce, y tambi\u00e9n hab\u00eda camiones con escombros. No costaba mucho tirar un poco en esa esquina para mejorar la circulaci\u00f3n\u201d, se\u00f1al\u00f3.<\/p>\n\n\n\n<p>Tambi\u00e9n critic\u00f3 el estado de la calle 26 entre 50 y 56, donde describi\u00f3 la situaci\u00f3n como \u201ccr\u00e1teres\u201d, asegurando que transitar por all\u00ed en moto es pr\u00e1cticamente imposible. En el barrio Esperanza, aunque valor\u00f3 el arreglo reciente en 58 y 20, al costado del Jard\u00edn de Infantes, reclam\u00f3 que el resto del barrio permanece en muy mal estado. \u201cLas esquinas est\u00e1n socavadas por el agua, lo que deja pozos peligrosos para veh\u00edculos, especialmente motos\u201d, agreg\u00f3.<\/p>\n\n\n\n<p>Otro sector se\u00f1alado fue la intersecci\u00f3n de 50 y 131, donde, a pesar de haberse hecho un arreglo, el tr\u00e1nsito de camiones pesados habr\u00eda deteriorado nuevamente la calzada. Adem\u00e1s, mencion\u00f3 la calle 127 entre 34 y 38, donde se colocaron escombros y actualmente hay barro y cascotes.<\/p>\n\n\n\n<p>\u00c1lvarez tambi\u00e9n se refiri\u00f3 a la calle 129 y 50, donde hay un pozo de grandes dimensiones justo en el sector donde est\u00e1 ubicada una bomba de agua. \u201cUn auto cay\u00f3 al doblar muy cerrado y qued\u00f3 inclinado\u201d, relat\u00f3.<\/p>\n\n\n\n<p>Entre otros reclamos, mencion\u00f3 el mal estado de la calle 60 entre 13 y 11, y la 50 desde 26 hasta 127, con numerosos pozos y presencia de malezas. Por \u00faltimo, indic\u00f3 que en la calle 50, desde 137 hasta el ex matadero, se realizaron mejoras con escoria hasta llegar a un vivero, pero que m\u00e1s adelante la calzada vuelve a deteriorarse notablemente.<\/p>\n\n\n\n<p>\u201cSer\u00eda importante que alg\u00fan funcionario o autoridad municipal recorriera estas calles para ver la realidad que viven los vecinos\u201d, concluy\u00f3 el concejal.<\/p>\n\n\n\n<hr class=\"wp-block-separator has-alpha-channel-opacity\"\/>\n\n\n\n<p><strong>Col\u00f3n proyecta una Escuela Municipal de Canotaje con respaldo nacional<\/strong><\/p>\n\n\n\n<p>Durante el \u00faltimo fin de semana, en el marco de las celebraciones por el 25 de Mayo, la concejala Silvana Desimone inform\u00f3 sobre un importante proyecto deportivo para la ciudad de Col\u00f3n: la creaci\u00f3n de una Escuela Municipal de Canotaje.<\/p>\n\n\n\n<p>La iniciativa fue anunciada tras un encuentro con Jorge Serpi, presidente de la Federaci\u00f3n Argentina de Canoas, quien visit\u00f3 el Lago Municipal acompa\u00f1ado por delegaciones de todo el pa\u00eds. \u201cSerpi nos remarc\u00f3 el valor estrat\u00e9gico que tiene el lago de Col\u00f3n no solo a nivel local, sino tambi\u00e9n provincial y nacional, con delegaciones de distintas provincias presentes\u201d, explic\u00f3 Desimone.<\/p>\n\n\n\n<p>Junto al dirigente Nicol\u00e1s de Scarpencia, Serpi expres\u00f3 su entusiasmo por impulsar este proyecto que posicionar\u00eda a Col\u00f3n como sede de futuras competencias nacionales e internacionales. Incluso se habl\u00f3 de la posibilidad de realizar encuentros con delegaciones de toda Am\u00e9rica.<\/p>\n\n\n\n<p>\u201cEl Lago de Col\u00f3n, que para muchos de nosotros ya forma parte de la vida cotidiana, tiene un valor enorme para el desarrollo del deporte y el turismo. Por eso es fundamental cuidar este espacio y acompa\u00f1ar este tipo de iniciativas\u201d, se\u00f1al\u00f3 la concejala.<\/p>\n\n\n\n<p>El proyecto de la Escuela de Canotaje podr\u00eda ingresar pr\u00f3ximamente al Concejo Deliberante para su an\u00e1lisis y aprobaci\u00f3n. Se tratar\u00eda de una propuesta que busca fomentar el deporte, la inclusi\u00f3n y el aprovechamiento responsable del entorno natural de la ciudad.<\/p>\n\n\n\n<p><strong>04\/06\/25 Para los trabajadores rurales<\/strong><\/p>\n\n\n\n<p>Habr\u00e1 una Jornada para Trabajadores Rurales en nuestra ciudad. Ser\u00e1 el viernes 6 de Junio a las 14:00 en el Polo Cultural de Col\u00f3n (Calle 11 y 42)<\/p>\n\n\n\n<p>El temario comprende Actualizaci\u00f3n sobre Derechos Laborales y, l\u00edneas de financiamiento para el sector.<\/p>\n\n\n\n<p>Ser\u00e1 una charla a cargo de la Direcci\u00f3n de trabajadores\/as, juventudes y mujeres rurales del Ministerio de Desarrollo Agrario (MDA) sobre los puntos principales y las modificaciones recientes sobre la ley 26.727 de Trabajo Agrario.<\/p>\n\n\n\n<p>A su vez, Provincia Microcr\u00e9ditos presentar\u00e1 las l\u00edneas de financiamiento destinadas a emprendedores y la l\u00ednea Moto rural PBA a la que pueden acceder los trabajadores\/as rurales para la compra de ciclomotores<\/p>\n\n\n\n<p>Es una actividad gratuita, abierta al p\u00fablico.<\/p>\n\n\n\n<p><strong>04\/06\/25 &#8211; El Municipio don\u00f3 un gom\u00f3n inflable a los Bomberos Voluntarios de Col\u00f3n<\/strong><\/p>\n\n\n\n<p>El Concejo Deliberante de Col\u00f3n aprob\u00f3 por unanimidad la donaci\u00f3n de un gom\u00f3n inflable por parte del Municipio a la Asociaci\u00f3n de Bomberos Voluntarios de la ciudad. El bote hab\u00eda sido recibido tiempo atr\u00e1s desde el Ministerio de Ambiente de la Provincia de Buenos Aires, y ahora ser\u00e1 destinado a tareas operativas y de capacitaci\u00f3n.<\/p>\n","protected":false},"excerpt":{"rendered":"<p>Durante la \u00faltima sesi\u00f3n del Concejo Deliberante, el concejal Julio \u00c1lvarez reiter\u00f3 su preocupaci\u00f3n por el estado de varias calles de la ciudad, una tem\u00e1tica que aborda de forma constante en sus&#8230;<\/p>\n","protected":false},"author":1,"featured_media":371,"comment_status":"open","ping_status":"open","sticky":false,"template":"","format":"standard","meta":{"footnotes":""},"categories":[3],"tags":[],"class_list":["post-7057","post","type-post","status-publish","format-standard","has-post-thumbnail","hentry","category-general"],"_links":{"self":[{"href":"https:\/\/emisoracolon.com.ar\/index.php\/wp-json\/wp\/v2\/posts\/7057","targetHints":{"allow":["GET"]}}],"collection":[{"href":"https:\/\/emisoracolon.com.ar\/index.php\/wp-json\/wp\/v2\/posts"}],"about":[{"href":"https:\/\/emisoracolon.com.ar\/index.php\/wp-json\/wp\/v2\/types\/post"}],"author":[{"embeddable":true,"href":"https:\/\/emisoracolon.com.ar\/index.php\/wp-json\/wp\/v2\/users\/1"}],"replies":[{"embeddable":true,"href":"https:\/\/emisoracolon.com.ar\/index.php\/wp-json\/wp\/v2\/comments?post=7057"}],"version-history":[{"count":1,"href":"https:\/\/emisoracolon.com.ar\/index.php\/wp-json\/wp\/v2\/posts\/7057\/revisions"}],"predecessor-version":[{"id":7058,"href":"https:\/\/emisoracolon.com.ar\/index.php\/wp-json\/wp\/v2\/posts\/7057\/revisions\/7058"}],"wp:featuredmedia":[{"embeddable":true,"href":"https:\/\/emisoracolon.com.ar\/index.php\/wp-json\/wp\/v2\/media\/371"}],"wp:attachment":[{"href":"https:\/\/emisoracolon.com.ar\/index.php\/wp-json\/wp\/v2\/media?parent=7057"}],"wp:term":[{"taxonomy":"category","embeddable":true,"href":"https:\/\/emisoracolon.com.ar\/index.php\/wp-json\/wp\/v2\/categories?post=7057"},{"taxonomy":"post_tag","embeddable":true,"href":"https:\/\/emisoracolon.com.ar\/index.php\/wp-json\/wp\/v2\/tags?post=7057"}],"curies":[{"name":"wp","href":"https:\/\/api.w.org\/{rel}","templated":true}]}}