{"id":7055,"date":"2025-06-04T18:06:58","date_gmt":"2025-06-04T21:06:58","guid":{"rendered":"https:\/\/emisoracolon.com.ar\/?p=7055"},"modified":"2025-06-04T18:06:58","modified_gmt":"2025-06-04T21:06:58","slug":"otro-sector-peronista-se-organiza-en-colon","status":"publish","type":"post","link":"https:\/\/emisoracolon.com.ar\/index.php\/2025\/06\/04\/otro-sector-peronista-se-organiza-en-colon\/","title":{"rendered":"Otro sector peronista se organiza en Col\u00f3n"},"content":{"rendered":"\n<p>Adri\u00e1n Petrucci impulsa un nuevo espacio local que respalda a Axel Kicillof con la consigna: \u201cNo hay 2027 sin 2025\u201d.<\/p>\n\n\n\n<p>\u201cQueremos sumar desde lo local para frenar a La Libertad Avanza y apoyar a Axel, que es el futuro presidente\u201d, afirm\u00f3.<\/p>\n\n\n\n<p>El grupo trabaja en proyectos sociales, acompa\u00f1amiento territorial y pide unidad en el peronismo colonense:<\/p>\n\n\n\n<p>\u201cNo se trata de candidaturas, sino de ideas y gobernabilidad\u201d.<\/p>\n\n\n\n<p>Esta semana estar\u00e1n en Rojas con Kicillof y Bormioli.<\/p>\n\n\n\n<p>Tambi\u00e9n lanzan una iniciativa de viandas solidarias junto a mujeres del movimiento Somos.<\/p>\n\n\n\n<p>&#8212;&#8212;&#8212;&#8212;&#8212;&#8212;&#8212;<\/p>\n\n\n\n<p>Adri\u00e1n Petrucci, militante peronista de la ciudad de Col\u00f3n, confirm\u00f3 que se encuentra trabajando junto a su grupo en el armado de un nuevo espacio dentro del movimiento peronista local, con vistas a las elecciones legislativas de septiembre. Su propuesta se enmarca en el respaldo al actual gobernador Axel Kicillof y bajo la consigna que repiten sus allegados: \u201cNo hay 2027 sin 2025\u201d.<\/p>\n\n\n\n<p>\u201cEstamos trabajando y pronto van a salir algunas cosas que estamos haciendo. La idea es apoyar a Axel, que lo vemos como el futuro presidente\u201d, expres\u00f3 Petrucci, quien valor\u00f3 positivamente el gesto reciente de Cristina Fern\u00e1ndez de Kirchner de involucrarse en el proceso electoral, lo cual \u2013seg\u00fan dijo\u2013 \u201cayuda a provincializar la elecci\u00f3n\u201d y fortalece la figura del gobernador.<\/p>\n\n\n\n<p>Consultado sobre el debate en torno a si las elecciones intermedias tendr\u00e1n un eje local o nacional, Petrucci se\u00f1al\u00f3: \u201cYo creo que hay que informar bien a la gente. No queremos que pase como en Capital, donde no se sabe bien qu\u00e9 se vota. Nosotros queremos que gane nuestro partido para frenar a La Libertad Avanza a nivel provincial, que seguro va a buscar una uni\u00f3n\u201d.<\/p>\n\n\n\n<p>M\u00e1s all\u00e1 del plano partidario, Petrucci manifest\u00f3 que su participaci\u00f3n no responde a ambiciones personales: \u201cNo se trata de candidaturas. Dentro de mi grupo a\u00fan no definimos eso. El que mejor est\u00e9, el que m\u00e1s sume, ser\u00e1 el que se presente. Hay que dejar los egos de lado\u201d.<\/p>\n\n\n\n<p>Al referirse a la situaci\u00f3n pol\u00edtica en Col\u00f3n, pidi\u00f3 al intendente Waldemar Giordano que \u201ccopie un poco el gesto de Cristina y trate de unir las partes\u201d, aunque reconoci\u00f3 que ya hay candidaturas lanzadas, lo cual complica la posibilidad de una lista de unidad.<\/p>\n\n\n\n<p>Sobre la gesti\u00f3n municipal, Petrucci fue prudente pero marc\u00f3 su postura: \u201cLos recursos que llegan no son los mismos, pero hay cosas que mejorar. Hay leyes que ya est\u00e1n, como el proyecto de urbanizaci\u00f3n, y que hay que hacerlas cumplir o modernizarlas. Tambi\u00e9n hay mucho por hacer en tr\u00e1nsito. Lo importante es ser coherente: uno puede tener muchas ideas, pero tiene que ser realista\u201d.<\/p>\n\n\n\n<p>Finalmente, anticip\u00f3 algunas de las pr\u00f3ximas acciones del grupo que integra: \u201cVamos a estar en Rojas con Axel y con Lisandro Bormioli. Tambi\u00e9n estamos articulando con mujeres del movimiento Somos, que est\u00e1n ayudando en lugares donde los chicos no est\u00e1n comiendo todos los d\u00edas. Van a preparar viandas. No es la soluci\u00f3n, pero es una ayuda\u201d.<\/p>\n\n\n\n<p>Petrucci cerr\u00f3 con un mensaje que resume su mirada estrat\u00e9gica: \u201cHay que ser inteligentes. Se est\u00e1 hablando de 2027, pero para que haya un 2027 tiene que haber un buen 2025\u201d<\/p>\n","protected":false},"excerpt":{"rendered":"<p>Adri\u00e1n Petrucci impulsa un nuevo espacio local que respalda a Axel Kicillof con la consigna: \u201cNo hay 2027 sin 2025\u201d. \u201cQueremos sumar desde lo local para frenar a La Libertad Avanza y&#8230;<\/p>\n","protected":false},"author":1,"featured_media":2060,"comment_status":"open","ping_status":"open","sticky":false,"template":"","format":"standard","meta":{"footnotes":""},"categories":[3],"tags":[],"class_list":["post-7055","post","type-post","status-publish","format-standard","has-post-thumbnail","hentry","category-general"],"_links":{"self":[{"href":"https:\/\/emisoracolon.com.ar\/index.php\/wp-json\/wp\/v2\/posts\/7055","targetHints":{"allow":["GET"]}}],"collection":[{"href":"https:\/\/emisoracolon.com.ar\/index.php\/wp-json\/wp\/v2\/posts"}],"about":[{"href":"https:\/\/emisoracolon.com.ar\/index.php\/wp-json\/wp\/v2\/types\/post"}],"author":[{"embeddable":true,"href":"https:\/\/emisoracolon.com.ar\/index.php\/wp-json\/wp\/v2\/users\/1"}],"replies":[{"embeddable":true,"href":"https:\/\/emisoracolon.com.ar\/index.php\/wp-json\/wp\/v2\/comments?post=7055"}],"version-history":[{"count":1,"href":"https:\/\/emisoracolon.com.ar\/index.php\/wp-json\/wp\/v2\/posts\/7055\/revisions"}],"predecessor-version":[{"id":7056,"href":"https:\/\/emisoracolon.com.ar\/index.php\/wp-json\/wp\/v2\/posts\/7055\/revisions\/7056"}],"wp:featuredmedia":[{"embeddable":true,"href":"https:\/\/emisoracolon.com.ar\/index.php\/wp-json\/wp\/v2\/media\/2060"}],"wp:attachment":[{"href":"https:\/\/emisoracolon.com.ar\/index.php\/wp-json\/wp\/v2\/media?parent=7055"}],"wp:term":[{"taxonomy":"category","embeddable":true,"href":"https:\/\/emisoracolon.com.ar\/index.php\/wp-json\/wp\/v2\/categories?post=7055"},{"taxonomy":"post_tag","embeddable":true,"href":"https:\/\/emisoracolon.com.ar\/index.php\/wp-json\/wp\/v2\/tags?post=7055"}],"curies":[{"name":"wp","href":"https:\/\/api.w.org\/{rel}","templated":true}]}}