{"id":7052,"date":"2025-06-04T18:06:26","date_gmt":"2025-06-04T21:06:26","guid":{"rendered":"https:\/\/emisoracolon.com.ar\/?p=7052"},"modified":"2025-06-04T18:06:26","modified_gmt":"2025-06-04T21:06:26","slug":"dia-del-medio-ambiente","status":"publish","type":"post","link":"https:\/\/emisoracolon.com.ar\/index.php\/2025\/06\/04\/dia-del-medio-ambiente\/","title":{"rendered":"D\u00eda del Medio Ambiente"},"content":{"rendered":"\n<p>Ma\u00f1ana en el D\u00eda del Medio Ambiente se realizar\u00e1 un taller de residuos reciclables y org\u00e1nicos Invitan a participar de las charlas y talleres sobre Residuos Reciclables y Org\u00e1nicos, para aprender c\u00f3mo hacer de tu hogar, escuela o negocio un lugar m\u00e1s sostenible.<\/p>\n\n\n\n<p>Cada participante podr\u00e1 participar por el sorteo de composteras y \u00e1rboles.<\/p>\n\n\n\n<p>Habr\u00e1 talleres pr\u00e1cticos para separar residuos de manera eficiente, consejos para reducir, reutilizar y reciclar en tu d\u00eda a d\u00eda, t\u00e9cnicas sencillas para crear compost y aprovechar los residuos org\u00e1nicos e informaci\u00f3n sobre el impacto ambiental y c\u00f3mo ayudar a disminuirlo.<\/p>\n\n\n\n<p>Est\u00e1 dirigido a familias, estudiantes, empresas y cualquier persona interesada en cuidar el planeta con la intenci\u00f3n de transforma h\u00e1bitos y crear impacto positivo con el fin de construir un futuro m\u00e1s limpio y sostenible.<\/p>\n\n\n\n<p>Ser\u00e1 en el Polo Educativo (Calle 44 y 11), ma\u00f1ana jueves de 10:00 a 12:00, para reservar un lugar o solicita m\u00e1s informaci\u00f3n: https:\/\/forms.gle\/m<\/p>\n","protected":false},"excerpt":{"rendered":"<p>Ma\u00f1ana en el D\u00eda del Medio Ambiente se realizar\u00e1 un taller de residuos reciclables y org\u00e1nicos Invitan a participar de las charlas y talleres sobre Residuos Reciclables y Org\u00e1nicos, para aprender c\u00f3mo&#8230;<\/p>\n","protected":false},"author":1,"featured_media":7053,"comment_status":"open","ping_status":"open","sticky":false,"template":"","format":"standard","meta":{"footnotes":""},"categories":[3],"tags":[],"class_list":["post-7052","post","type-post","status-publish","format-standard","has-post-thumbnail","hentry","category-general"],"_links":{"self":[{"href":"https:\/\/emisoracolon.com.ar\/index.php\/wp-json\/wp\/v2\/posts\/7052","targetHints":{"allow":["GET"]}}],"collection":[{"href":"https:\/\/emisoracolon.com.ar\/index.php\/wp-json\/wp\/v2\/posts"}],"about":[{"href":"https:\/\/emisoracolon.com.ar\/index.php\/wp-json\/wp\/v2\/types\/post"}],"author":[{"embeddable":true,"href":"https:\/\/emisoracolon.com.ar\/index.php\/wp-json\/wp\/v2\/users\/1"}],"replies":[{"embeddable":true,"href":"https:\/\/emisoracolon.com.ar\/index.php\/wp-json\/wp\/v2\/comments?post=7052"}],"version-history":[{"count":1,"href":"https:\/\/emisoracolon.com.ar\/index.php\/wp-json\/wp\/v2\/posts\/7052\/revisions"}],"predecessor-version":[{"id":7054,"href":"https:\/\/emisoracolon.com.ar\/index.php\/wp-json\/wp\/v2\/posts\/7052\/revisions\/7054"}],"wp:featuredmedia":[{"embeddable":true,"href":"https:\/\/emisoracolon.com.ar\/index.php\/wp-json\/wp\/v2\/media\/7053"}],"wp:attachment":[{"href":"https:\/\/emisoracolon.com.ar\/index.php\/wp-json\/wp\/v2\/media?parent=7052"}],"wp:term":[{"taxonomy":"category","embeddable":true,"href":"https:\/\/emisoracolon.com.ar\/index.php\/wp-json\/wp\/v2\/categories?post=7052"},{"taxonomy":"post_tag","embeddable":true,"href":"https:\/\/emisoracolon.com.ar\/index.php\/wp-json\/wp\/v2\/tags?post=7052"}],"curies":[{"name":"wp","href":"https:\/\/api.w.org\/{rel}","templated":true}]}}