{"id":7046,"date":"2025-06-03T16:37:36","date_gmt":"2025-06-03T19:37:36","guid":{"rendered":"https:\/\/emisoracolon.com.ar\/?p=7046"},"modified":"2025-06-03T16:37:36","modified_gmt":"2025-06-03T19:37:36","slug":"colon-tendra-una-estacion-metereologica-provincial","status":"publish","type":"post","link":"https:\/\/emisoracolon.com.ar\/index.php\/2025\/06\/03\/colon-tendra-una-estacion-metereologica-provincial\/","title":{"rendered":"Col\u00f3n tendr\u00e1 una estaci\u00f3n metereol\u00f3gica provincial"},"content":{"rendered":"\n<p>El Programa Provincial de Adaptaci\u00f3n y Mitigaci\u00f3n al Cambio Clim\u00e1tico instala una Estaci\u00f3n Meteorol\u00f3gica Aut\u00f3noma en nuestra ciudad.<\/p>\n\n\n\n<p>Participa la Municipalidad apoyando la iniciativa que es una herramienta m\u00e1s, no solo para poder brindar informaci\u00f3n precisa y en tiempo real sobre el clima de la ciudad, sino para tomar decisiones con anticipaci\u00f3n ante pron\u00f3sticos desfavorables, recolectando datos meteorol\u00f3gicos como temperaturas, velocidad y direcci\u00f3n del viento, precipitaci\u00f3n, humedad, presi\u00f3n atm, radiaci\u00f3n, pudiendo realizar pron\u00f3sticos a partir de dichos par\u00e1metros.<\/p>\n\n\n\n<p>Una de las particularidades es su automatizaci\u00f3n y autonom\u00eda, los datos recolectados son enviados directamente a la base de datos donde se generan los pron\u00f3sticos, adem\u00e1s, funciona de manera aut\u00f3noma tanto de la red el\u00e9ctrica como de su contabilidad.<\/p>\n","protected":false},"excerpt":{"rendered":"<p>El Programa Provincial de Adaptaci\u00f3n y Mitigaci\u00f3n al Cambio Clim\u00e1tico instala una Estaci\u00f3n Meteorol\u00f3gica Aut\u00f3noma en nuestra ciudad. Participa la Municipalidad apoyando la iniciativa que es una herramienta m\u00e1s, no solo para&#8230;<\/p>\n","protected":false},"author":1,"featured_media":7047,"comment_status":"open","ping_status":"open","sticky":false,"template":"","format":"standard","meta":{"footnotes":""},"categories":[3],"tags":[],"class_list":["post-7046","post","type-post","status-publish","format-standard","has-post-thumbnail","hentry","category-general"],"_links":{"self":[{"href":"https:\/\/emisoracolon.com.ar\/index.php\/wp-json\/wp\/v2\/posts\/7046","targetHints":{"allow":["GET"]}}],"collection":[{"href":"https:\/\/emisoracolon.com.ar\/index.php\/wp-json\/wp\/v2\/posts"}],"about":[{"href":"https:\/\/emisoracolon.com.ar\/index.php\/wp-json\/wp\/v2\/types\/post"}],"author":[{"embeddable":true,"href":"https:\/\/emisoracolon.com.ar\/index.php\/wp-json\/wp\/v2\/users\/1"}],"replies":[{"embeddable":true,"href":"https:\/\/emisoracolon.com.ar\/index.php\/wp-json\/wp\/v2\/comments?post=7046"}],"version-history":[{"count":1,"href":"https:\/\/emisoracolon.com.ar\/index.php\/wp-json\/wp\/v2\/posts\/7046\/revisions"}],"predecessor-version":[{"id":7048,"href":"https:\/\/emisoracolon.com.ar\/index.php\/wp-json\/wp\/v2\/posts\/7046\/revisions\/7048"}],"wp:featuredmedia":[{"embeddable":true,"href":"https:\/\/emisoracolon.com.ar\/index.php\/wp-json\/wp\/v2\/media\/7047"}],"wp:attachment":[{"href":"https:\/\/emisoracolon.com.ar\/index.php\/wp-json\/wp\/v2\/media?parent=7046"}],"wp:term":[{"taxonomy":"category","embeddable":true,"href":"https:\/\/emisoracolon.com.ar\/index.php\/wp-json\/wp\/v2\/categories?post=7046"},{"taxonomy":"post_tag","embeddable":true,"href":"https:\/\/emisoracolon.com.ar\/index.php\/wp-json\/wp\/v2\/tags?post=7046"}],"curies":[{"name":"wp","href":"https:\/\/api.w.org\/{rel}","templated":true}]}}