{"id":7043,"date":"2025-06-03T16:34:37","date_gmt":"2025-06-03T19:34:37","guid":{"rendered":"https:\/\/emisoracolon.com.ar\/?p=7043"},"modified":"2025-06-03T16:34:37","modified_gmt":"2025-06-03T19:34:37","slug":"diez-anos-de-ni-una-menos","status":"publish","type":"post","link":"https:\/\/emisoracolon.com.ar\/index.php\/2025\/06\/03\/diez-anos-de-ni-una-menos\/","title":{"rendered":"Diez a\u00f1os de Ni Una Menos"},"content":{"rendered":"\n<p>A 10 a\u00f1os del primer #NiUnaMenos, desde la Direcci\u00f3n de G\u00e9nero invita a la jornada \u201cLa literatura como liberaci\u00f3n\u201d, un espacio que invita a partir de la lectura, a visibilizar la problem\u00e1tica de la violencia de g\u00e9nero y generar un dialogo sobre la necesidad de construir una sociedad m\u00e1s justa.<\/p>\n\n\n\n<p>Hoy, martes 3 de junio en la Biblioteca Popular Mariano Moreno (46 e\/ 21 y 22) \u2013 Turno 1 de 14 a 16 y turno 2 de 19 a 21 horas.<\/p>\n\n\n\n<p><strong>03\/05\/25 &#8211; A 10 a\u00f1os de Ni Una Menos<\/strong><\/p>\n\n\n\n<p>Este 3 de junio se cumple una d\u00e9cada de la hist\u00f3rica movilizaci\u00f3n que cambi\u00f3 para siempre la forma de ver y enfrentar la violencia de g\u00e9nero en Argentina. \ud83d\udc9c<\/p>\n\n\n\n<p>En Col\u00f3n tambi\u00e9n se vivi\u00f3 una marcha masiva, impulsada por la Secretar\u00eda de G\u00e9nero, que marc\u00f3 un punto de inflexi\u00f3n en la ciudad. Desde entonces, se crearon espacios como la Comisar\u00eda de la Mujer, se fortaleci\u00f3 el trabajo en red con salud, justicia y educaci\u00f3n, y se consolidaron pol\u00edticas p\u00fablicas con perspectiva de g\u00e9nero.<\/p>\n\n\n\n<p>\u201cFue un antes y un despu\u00e9s. Hoy se escucha m\u00e1s, se denuncia m\u00e1s, se interviene m\u00e1s. Pero a\u00fan falta mucho. La lucha sigue y es colectiva\u201d, expres\u00f3 Stella Simonovich.<\/p>\n\n\n\n<p>\ud83d\udcda Desde 2021, el 3 de junio forma parte del calendario escolar como el D\u00eda de la Acci\u00f3n Colectiva contra los Femicidios. Las escuelas hoy ense\u00f1an, cuidan y acompa\u00f1an. Porque la educaci\u00f3n tambi\u00e9n salva vidas.<\/p>\n\n\n\n<p>\u270a\ud83c\udffd Ni Una Menos no es solo una consigna: es una construcci\u00f3n social, pol\u00edtica y cultural que no podemos retroceder. #NiUnaMenos #3deJunio #Col\u00f3n #ViolenciaDeG\u00e9nero #Feminismo #10A\u00f1osDeLucha<\/p>\n\n\n\n<p>&#8212;&#8212;&#8212;&#8212;&#8212;&#8212;&#8212;&#8212;&#8212;&#8212;&#8212;&#8212;&#8212;&#8212;&#8212;&#8212;&#8212;&#8211;<\/p>\n\n\n\n<p>A diez a\u00f1os del grito que lo cambi\u00f3 todo: Ni Una Menos<\/p>\n\n\n\n<p>Este 3 de junio se cumplen diez a\u00f1os de la hist\u00f3rica y masiva movilizaci\u00f3n que, bajo la consigna \u201cNi Una Menos\u201d, marc\u00f3 un antes y un despu\u00e9s en la lucha contra la violencia de g\u00e9nero en la Argentina. Aquella marcha de 2015, que emergi\u00f3 como respuesta a los femicidios que estremec\u00edan al pa\u00eds, puso en el centro de la escena pol\u00edtica y social a las mujeres y diversidades, visibiliz\u00f3 sus reclamos y dej\u00f3 una huella profunda en el entramado institucional, legal y cultural.<\/p>\n\n\n\n<p>El impacto fue inmediato y sostenido: se modificaron leyes, se crearon normativas espec\u00edficas, se impulsaron pol\u00edticas p\u00fablicas, se fortalecieron espacios institucionales de atenci\u00f3n y se instal\u00f3 de forma definitiva un t\u00e9rmino que hasta entonces era ajeno para muchos: femicidio.<\/p>\n\n\n\n<p>En Col\u00f3n, aquella jornada tambi\u00e9n tuvo su eco. La ciudad vivi\u00f3 una de las movilizaciones m\u00e1s importantes que se recuerden. Stella Simonovich, quien por entonces se desempe\u00f1aba en la recientemente creada Secretar\u00eda de G\u00e9nero (inaugurada en marzo de 2013), fue una de las impulsoras clave de aquella movilizaci\u00f3n local.<\/p>\n\n\n\n<p>\u201cRecuerdo ese 3 de junio de 2015, una fecha fundacional. La marcha fue una manifestaci\u00f3n colectiva frente a las formas m\u00e1s extremas de la violencia de g\u00e9nero: femicidio, travesticidio, transfemicidio. Fue el comienzo de un despu\u00e9s\u201d, afirm\u00f3 Simonovich, en di\u00e1logo con este medio. \u201cEn Col\u00f3n partimos desde la Secretar\u00eda de G\u00e9nero y fuimos muchas, much\u00edsimas personas en las calles. Algunos dec\u00edan \u2018no parec\u00eda Col\u00f3n\u2019 por la magnitud. Pero s\u00ed era Col\u00f3n: una comunidad que empezaba a encontrarse en el dolor y en el reclamo\u201d.<\/p>\n\n\n\n<p>Ese mismo a\u00f1o, en agosto, se cre\u00f3 la Comisar\u00eda de la Mujer en Col\u00f3n, otra conquista surgida de ese impulso colectivo. Desde entonces, el trabajo interinstitucional se fue fortaleciendo: hoy la Direcci\u00f3n de G\u00e9nero local trabaja en red con sectores como Salud, Justicia, Educaci\u00f3n y organizaciones de la sociedad civil. \u201cLa respuesta nunca es individual. Siempre es colectiva, intersectorial. As\u00ed se construye una ciudad con menos violencia, con m\u00e1s respeto y con m\u00e1s derechos\u201d, enfatiz\u00f3 Simonovich.<\/p>\n\n\n\n<p>En estos diez a\u00f1os, la consigna \u201cNi Una Menos\u201d dej\u00f3 de ser s\u00f3lo una marcha: se convirti\u00f3 en una causa social, en una pol\u00edtica de Estado y en una materia educativa. Desde 2021, el 3 de junio est\u00e1 incluido en el calendario escolar de la provincia de Buenos Aires como el \u201cD\u00eda de la Acci\u00f3n Colectiva contra los Femicidios\u201d. Las escuelas, en todos sus niveles, trabajan activamente con materiales espec\u00edficos para abordar la problem\u00e1tica de la violencia de g\u00e9nero.<\/p>\n\n\n\n<p>\u201cLa escuela no s\u00f3lo ense\u00f1a: cuida, escucha, interviene. Muchas situaciones se visibilizan porque las ni\u00f1as, ni\u00f1os y adolescentes se animan a contar. Y eso sucede porque hay un docente que escucha y sabe qu\u00e9 hacer. No est\u00e1 solo. Hay un equipo, hay gu\u00edas, hay recursos, hay una red\u201d, remarc\u00f3 Simonovich. \u201cSomos constructores de conocimiento, tambi\u00e9n desde la experiencia de cada escuela, de cada proyecto comunitario. La transformaci\u00f3n est\u00e1 ah\u00ed\u201d.<\/p>\n\n\n\n<p>En estos d\u00edas, sin embargo, tambi\u00e9n se impone la preocupaci\u00f3n. La referente local lamenta lo que considera un retroceso a nivel nacional: \u201cHoy los lineamientos del gobierno no tienen como prioridad garantizar derechos. Lo que cost\u00f3 a\u00f1os de construcci\u00f3n puede desmantelarse en meses. Eso es doloroso, porque no garantizar derechos tambi\u00e9n es una forma de violencia\u201d.<\/p>\n\n\n\n<p>Sobre las cr\u00edticas que se\u00f1alan que el movimiento se ha partidizado o alejado de la gente, Simonovich fue clara: \u201cCuando el objetivo es com\u00fan \u2014vivir sin violencia\u2014, no deber\u00eda haber diferencias. Las discusiones deben darse en los espacios de construcci\u00f3n de pol\u00edtica p\u00fablica. Ni Una Menos tiene historia, fundamentos, relatos concretos de vidas arrebatadas. No es una consigna vac\u00eda, es una lucha con memoria\u201d.<\/p>\n\n\n\n<p>A una d\u00e9cada de aquel grito colectivo que conmovi\u00f3 a un pa\u00eds, el desaf\u00edo sigue vigente: construir un presente sin violencias, con derechos garantizados para todas las personas. Y, sobre todo, no retroceder. Porque como dijo una y otra vez el movimiento: Vivas, libres y desendeudadas nos queremos.<\/p>\n","protected":false},"excerpt":{"rendered":"<p>A 10 a\u00f1os del primer #NiUnaMenos, desde la Direcci\u00f3n de G\u00e9nero invita a la jornada \u201cLa literatura como liberaci\u00f3n\u201d, un espacio que invita a partir de la lectura, a visibilizar la problem\u00e1tica&#8230;<\/p>\n","protected":false},"author":1,"featured_media":7044,"comment_status":"open","ping_status":"open","sticky":false,"template":"","format":"standard","meta":{"footnotes":""},"categories":[3],"tags":[],"class_list":["post-7043","post","type-post","status-publish","format-standard","has-post-thumbnail","hentry","category-general"],"_links":{"self":[{"href":"https:\/\/emisoracolon.com.ar\/index.php\/wp-json\/wp\/v2\/posts\/7043","targetHints":{"allow":["GET"]}}],"collection":[{"href":"https:\/\/emisoracolon.com.ar\/index.php\/wp-json\/wp\/v2\/posts"}],"about":[{"href":"https:\/\/emisoracolon.com.ar\/index.php\/wp-json\/wp\/v2\/types\/post"}],"author":[{"embeddable":true,"href":"https:\/\/emisoracolon.com.ar\/index.php\/wp-json\/wp\/v2\/users\/1"}],"replies":[{"embeddable":true,"href":"https:\/\/emisoracolon.com.ar\/index.php\/wp-json\/wp\/v2\/comments?post=7043"}],"version-history":[{"count":1,"href":"https:\/\/emisoracolon.com.ar\/index.php\/wp-json\/wp\/v2\/posts\/7043\/revisions"}],"predecessor-version":[{"id":7045,"href":"https:\/\/emisoracolon.com.ar\/index.php\/wp-json\/wp\/v2\/posts\/7043\/revisions\/7045"}],"wp:featuredmedia":[{"embeddable":true,"href":"https:\/\/emisoracolon.com.ar\/index.php\/wp-json\/wp\/v2\/media\/7044"}],"wp:attachment":[{"href":"https:\/\/emisoracolon.com.ar\/index.php\/wp-json\/wp\/v2\/media?parent=7043"}],"wp:term":[{"taxonomy":"category","embeddable":true,"href":"https:\/\/emisoracolon.com.ar\/index.php\/wp-json\/wp\/v2\/categories?post=7043"},{"taxonomy":"post_tag","embeddable":true,"href":"https:\/\/emisoracolon.com.ar\/index.php\/wp-json\/wp\/v2\/tags?post=7043"}],"curies":[{"name":"wp","href":"https:\/\/api.w.org\/{rel}","templated":true}]}}