{"id":7036,"date":"2025-06-03T16:28:41","date_gmt":"2025-06-03T19:28:41","guid":{"rendered":"https:\/\/emisoracolon.com.ar\/?p=7036"},"modified":"2025-06-03T16:28:41","modified_gmt":"2025-06-03T19:28:41","slug":"la-uba-llego-a-colon-para-acompanar-a-nuestras-juventudes","status":"publish","type":"post","link":"https:\/\/emisoracolon.com.ar\/index.php\/2025\/06\/03\/la-uba-llego-a-colon-para-acompanar-a-nuestras-juventudes\/","title":{"rendered":"La UBA lleg\u00f3 a Col\u00f3n para acompa\u00f1ar a nuestras juventudes"},"content":{"rendered":"\n<p>Debido a un convenio entre la Municipalidad de Col\u00f3n y la Facultad de Psicolog\u00eda de la Universidad de Buenos Aires, comenzaron en nuestra ciudad una serie de talleres de orientaci\u00f3n vocacional destinados a todos los y las estudiantes del \u00faltimo a\u00f1o del secundario, incluyendo CENS y FinEs. Estas actividades, coordinadas por profesionales de la Direcci\u00f3n de Orientaci\u00f3n al Estudiante (DOE UBA), brindar\u00e1n herramientas y espacios de reflexi\u00f3n para que los y las j\u00f3venes puedan construir su futuro educativo y laboral con mayor claridad y acompa\u00f1amiento.<\/p>\n\n\n\n<p>Los encuentros se realizan en el recinto del Honorable Concejo Deliberante y en el Polo Educativo durante las jornadas de hoy martes y ma\u00f1ana mi\u00e9rcoles.<\/p>\n\n\n\n<p>Esta importante iniciativa es fruto de las gestiones realizadas por la gesti\u00f3n de gobierno local para acercar pol\u00edticas educativas de calidad a nivel local, fortaleciendo la articulaci\u00f3n entre la escuela secundaria y el mundo de la educaci\u00f3n superior o del trabajo.<\/p>\n","protected":false},"excerpt":{"rendered":"<p>Debido a un convenio entre la Municipalidad de Col\u00f3n y la Facultad de Psicolog\u00eda de la Universidad de Buenos Aires, comenzaron en nuestra ciudad una serie de talleres de orientaci\u00f3n vocacional destinados&#8230;<\/p>\n","protected":false},"author":1,"featured_media":7037,"comment_status":"open","ping_status":"open","sticky":false,"template":"","format":"standard","meta":{"footnotes":""},"categories":[3],"tags":[],"class_list":["post-7036","post","type-post","status-publish","format-standard","has-post-thumbnail","hentry","category-general"],"_links":{"self":[{"href":"https:\/\/emisoracolon.com.ar\/index.php\/wp-json\/wp\/v2\/posts\/7036","targetHints":{"allow":["GET"]}}],"collection":[{"href":"https:\/\/emisoracolon.com.ar\/index.php\/wp-json\/wp\/v2\/posts"}],"about":[{"href":"https:\/\/emisoracolon.com.ar\/index.php\/wp-json\/wp\/v2\/types\/post"}],"author":[{"embeddable":true,"href":"https:\/\/emisoracolon.com.ar\/index.php\/wp-json\/wp\/v2\/users\/1"}],"replies":[{"embeddable":true,"href":"https:\/\/emisoracolon.com.ar\/index.php\/wp-json\/wp\/v2\/comments?post=7036"}],"version-history":[{"count":1,"href":"https:\/\/emisoracolon.com.ar\/index.php\/wp-json\/wp\/v2\/posts\/7036\/revisions"}],"predecessor-version":[{"id":7038,"href":"https:\/\/emisoracolon.com.ar\/index.php\/wp-json\/wp\/v2\/posts\/7036\/revisions\/7038"}],"wp:featuredmedia":[{"embeddable":true,"href":"https:\/\/emisoracolon.com.ar\/index.php\/wp-json\/wp\/v2\/media\/7037"}],"wp:attachment":[{"href":"https:\/\/emisoracolon.com.ar\/index.php\/wp-json\/wp\/v2\/media?parent=7036"}],"wp:term":[{"taxonomy":"category","embeddable":true,"href":"https:\/\/emisoracolon.com.ar\/index.php\/wp-json\/wp\/v2\/categories?post=7036"},{"taxonomy":"post_tag","embeddable":true,"href":"https:\/\/emisoracolon.com.ar\/index.php\/wp-json\/wp\/v2\/tags?post=7036"}],"curies":[{"name":"wp","href":"https:\/\/api.w.org\/{rel}","templated":true}]}}