{"id":7034,"date":"2025-06-03T16:07:08","date_gmt":"2025-06-03T19:07:08","guid":{"rendered":"https:\/\/emisoracolon.com.ar\/?p=7034"},"modified":"2025-06-03T16:07:08","modified_gmt":"2025-06-03T19:07:08","slug":"corte-de-suministro-programado-zona-rural","status":"publish","type":"post","link":"https:\/\/emisoracolon.com.ar\/index.php\/2025\/06\/03\/corte-de-suministro-programado-zona-rural\/","title":{"rendered":"Corte de suministro programado \u2013 Zona rural"},"content":{"rendered":"\n<p>Hoy hasta las 17:00 la Cooperativa El\u00e9ctrica llev\u00f3 a cabo un corte de energ\u00eda el\u00e9ctrica destinado a realizar tareas de mantenimiento preventivo en l\u00edneas de media tensi\u00f3n, tras un relevamiento de urgencia.<\/p>\n\n\n\n<p>La zona incluye: L\u00ednea Sarasa, Derivaci\u00f3n Congreve, La Tajada, Derivaci\u00f3n Sarasa, Derivaci\u00f3n Escuela 11 y Derivaci\u00f3n La Tigra (lado Col\u00f3n).<\/p>\n\n\n\n<p>Se lleva a cabo un mantenimiento preventivo para mejorar la calidad del servicio.<\/p>\n","protected":false},"excerpt":{"rendered":"<p>Hoy hasta las 17:00 la Cooperativa El\u00e9ctrica llev\u00f3 a cabo un corte de energ\u00eda el\u00e9ctrica destinado a realizar tareas de mantenimiento preventivo en l\u00edneas de media tensi\u00f3n, tras un relevamiento de urgencia&#8230;.<\/p>\n","protected":false},"author":1,"featured_media":472,"comment_status":"open","ping_status":"open","sticky":false,"template":"","format":"standard","meta":{"footnotes":""},"categories":[3],"tags":[],"class_list":["post-7034","post","type-post","status-publish","format-standard","has-post-thumbnail","hentry","category-general"],"_links":{"self":[{"href":"https:\/\/emisoracolon.com.ar\/index.php\/wp-json\/wp\/v2\/posts\/7034","targetHints":{"allow":["GET"]}}],"collection":[{"href":"https:\/\/emisoracolon.com.ar\/index.php\/wp-json\/wp\/v2\/posts"}],"about":[{"href":"https:\/\/emisoracolon.com.ar\/index.php\/wp-json\/wp\/v2\/types\/post"}],"author":[{"embeddable":true,"href":"https:\/\/emisoracolon.com.ar\/index.php\/wp-json\/wp\/v2\/users\/1"}],"replies":[{"embeddable":true,"href":"https:\/\/emisoracolon.com.ar\/index.php\/wp-json\/wp\/v2\/comments?post=7034"}],"version-history":[{"count":1,"href":"https:\/\/emisoracolon.com.ar\/index.php\/wp-json\/wp\/v2\/posts\/7034\/revisions"}],"predecessor-version":[{"id":7035,"href":"https:\/\/emisoracolon.com.ar\/index.php\/wp-json\/wp\/v2\/posts\/7034\/revisions\/7035"}],"wp:featuredmedia":[{"embeddable":true,"href":"https:\/\/emisoracolon.com.ar\/index.php\/wp-json\/wp\/v2\/media\/472"}],"wp:attachment":[{"href":"https:\/\/emisoracolon.com.ar\/index.php\/wp-json\/wp\/v2\/media?parent=7034"}],"wp:term":[{"taxonomy":"category","embeddable":true,"href":"https:\/\/emisoracolon.com.ar\/index.php\/wp-json\/wp\/v2\/categories?post=7034"},{"taxonomy":"post_tag","embeddable":true,"href":"https:\/\/emisoracolon.com.ar\/index.php\/wp-json\/wp\/v2\/tags?post=7034"}],"curies":[{"name":"wp","href":"https:\/\/api.w.org\/{rel}","templated":true}]}}