{"id":7029,"date":"2025-06-02T17:30:03","date_gmt":"2025-06-02T20:30:03","guid":{"rendered":"https:\/\/emisoracolon.com.ar\/?p=7029"},"modified":"2025-06-02T17:30:03","modified_gmt":"2025-06-02T20:30:03","slug":"colecta-solidaria","status":"publish","type":"post","link":"https:\/\/emisoracolon.com.ar\/index.php\/2025\/06\/02\/colecta-solidaria\/","title":{"rendered":"Colecta solidaria"},"content":{"rendered":"\n<p>Esta prevista una colecta solidaria en el marco de la jornada de lucha nacional, en particular, destinada a la ni\u00f1ez, jubilados y personas con discapacidad.<\/p>\n\n\n\n<p>Ser\u00e1 el venidero mi\u00e9rcoles en la esquina de 47 y 22 \u2013 de 16:30 a 18:30<\/p>\n\n\n\n<p>Sumate con un alimento no perecedero<\/p>\n\n\n\n<p>Todo lo recolectado ser\u00e1 destinado a la colecta anual de C\u00e1ritas. La consigna es: Cuando nos organizamos, renace la esperanza<\/p>\n","protected":false},"excerpt":{"rendered":"<p>Esta prevista una colecta solidaria en el marco de la jornada de lucha nacional, en particular, destinada a la ni\u00f1ez, jubilados y personas con discapacidad. Ser\u00e1 el venidero mi\u00e9rcoles en la esquina&#8230;<\/p>\n","protected":false},"author":1,"featured_media":7030,"comment_status":"open","ping_status":"open","sticky":false,"template":"","format":"standard","meta":{"footnotes":""},"categories":[3],"tags":[],"class_list":["post-7029","post","type-post","status-publish","format-standard","has-post-thumbnail","hentry","category-general"],"_links":{"self":[{"href":"https:\/\/emisoracolon.com.ar\/index.php\/wp-json\/wp\/v2\/posts\/7029","targetHints":{"allow":["GET"]}}],"collection":[{"href":"https:\/\/emisoracolon.com.ar\/index.php\/wp-json\/wp\/v2\/posts"}],"about":[{"href":"https:\/\/emisoracolon.com.ar\/index.php\/wp-json\/wp\/v2\/types\/post"}],"author":[{"embeddable":true,"href":"https:\/\/emisoracolon.com.ar\/index.php\/wp-json\/wp\/v2\/users\/1"}],"replies":[{"embeddable":true,"href":"https:\/\/emisoracolon.com.ar\/index.php\/wp-json\/wp\/v2\/comments?post=7029"}],"version-history":[{"count":1,"href":"https:\/\/emisoracolon.com.ar\/index.php\/wp-json\/wp\/v2\/posts\/7029\/revisions"}],"predecessor-version":[{"id":7031,"href":"https:\/\/emisoracolon.com.ar\/index.php\/wp-json\/wp\/v2\/posts\/7029\/revisions\/7031"}],"wp:featuredmedia":[{"embeddable":true,"href":"https:\/\/emisoracolon.com.ar\/index.php\/wp-json\/wp\/v2\/media\/7030"}],"wp:attachment":[{"href":"https:\/\/emisoracolon.com.ar\/index.php\/wp-json\/wp\/v2\/media?parent=7029"}],"wp:term":[{"taxonomy":"category","embeddable":true,"href":"https:\/\/emisoracolon.com.ar\/index.php\/wp-json\/wp\/v2\/categories?post=7029"},{"taxonomy":"post_tag","embeddable":true,"href":"https:\/\/emisoracolon.com.ar\/index.php\/wp-json\/wp\/v2\/tags?post=7029"}],"curies":[{"name":"wp","href":"https:\/\/api.w.org\/{rel}","templated":true}]}}