{"id":7027,"date":"2025-06-02T17:28:39","date_gmt":"2025-06-02T20:28:39","guid":{"rendered":"https:\/\/emisoracolon.com.ar\/?p=7027"},"modified":"2025-06-02T17:28:39","modified_gmt":"2025-06-02T20:28:39","slug":"violento-robo-en-una-vivienda-de-calles-19-y-49","status":"publish","type":"post","link":"https:\/\/emisoracolon.com.ar\/index.php\/2025\/06\/02\/violento-robo-en-una-vivienda-de-calles-19-y-49\/","title":{"rendered":"Violento robo en una vivienda de calles 19 y 49"},"content":{"rendered":"\n<p>Un violento hecho de inseguridad tuvo lugar el viernes por la noche en una vivienda ubicada en la intersecci\u00f3n de las calles 19 y 49. El episodio ocurri\u00f3 cuando un vecino, de profesi\u00f3n arquitecto, ingresaba su veh\u00edculo al domicilio. En ese momento, al menos tres personas aprovecharon para irrumpir en la propiedad con fines de robo.<\/p>\n\n\n\n<p>Si bien en principio no portaban armas de fuego, los delincuentes agredieron al propietario con un elemento contundente, provoc\u00e1ndole aturdimiento. Luego del ataque, escaparon del lugar llev\u00e1ndose dinero en efectivo y diversos objetos de valor.<\/p>\n","protected":false},"excerpt":{"rendered":"<p>Un violento hecho de inseguridad tuvo lugar el viernes por la noche en una vivienda ubicada en la intersecci\u00f3n de las calles 19 y 49. El episodio ocurri\u00f3 cuando un vecino, de&#8230;<\/p>\n","protected":false},"author":1,"featured_media":4964,"comment_status":"open","ping_status":"open","sticky":false,"template":"","format":"standard","meta":{"footnotes":""},"categories":[3],"tags":[],"class_list":["post-7027","post","type-post","status-publish","format-standard","has-post-thumbnail","hentry","category-general"],"_links":{"self":[{"href":"https:\/\/emisoracolon.com.ar\/index.php\/wp-json\/wp\/v2\/posts\/7027","targetHints":{"allow":["GET"]}}],"collection":[{"href":"https:\/\/emisoracolon.com.ar\/index.php\/wp-json\/wp\/v2\/posts"}],"about":[{"href":"https:\/\/emisoracolon.com.ar\/index.php\/wp-json\/wp\/v2\/types\/post"}],"author":[{"embeddable":true,"href":"https:\/\/emisoracolon.com.ar\/index.php\/wp-json\/wp\/v2\/users\/1"}],"replies":[{"embeddable":true,"href":"https:\/\/emisoracolon.com.ar\/index.php\/wp-json\/wp\/v2\/comments?post=7027"}],"version-history":[{"count":1,"href":"https:\/\/emisoracolon.com.ar\/index.php\/wp-json\/wp\/v2\/posts\/7027\/revisions"}],"predecessor-version":[{"id":7028,"href":"https:\/\/emisoracolon.com.ar\/index.php\/wp-json\/wp\/v2\/posts\/7027\/revisions\/7028"}],"wp:featuredmedia":[{"embeddable":true,"href":"https:\/\/emisoracolon.com.ar\/index.php\/wp-json\/wp\/v2\/media\/4964"}],"wp:attachment":[{"href":"https:\/\/emisoracolon.com.ar\/index.php\/wp-json\/wp\/v2\/media?parent=7027"}],"wp:term":[{"taxonomy":"category","embeddable":true,"href":"https:\/\/emisoracolon.com.ar\/index.php\/wp-json\/wp\/v2\/categories?post=7027"},{"taxonomy":"post_tag","embeddable":true,"href":"https:\/\/emisoracolon.com.ar\/index.php\/wp-json\/wp\/v2\/tags?post=7027"}],"curies":[{"name":"wp","href":"https:\/\/api.w.org\/{rel}","templated":true}]}}