{"id":7018,"date":"2025-06-02T17:24:11","date_gmt":"2025-06-02T20:24:11","guid":{"rendered":"https:\/\/emisoracolon.com.ar\/?p=7018"},"modified":"2025-06-02T17:24:11","modified_gmt":"2025-06-02T20:24:11","slug":"en-la-provincia-movimiento-al-futuro","status":"publish","type":"post","link":"https:\/\/emisoracolon.com.ar\/index.php\/2025\/06\/02\/en-la-provincia-movimiento-al-futuro\/","title":{"rendered":"En la Provincia Movimiento al Futuro"},"content":{"rendered":"\n<p>En una jugada con doble objetivo, el gobernador Axel Kicillof lanz\u00f3 este s\u00e1bado el Movimiento Derecho al Futuro (MDF), con la mira puesta en confrontar el modelo de Javier Milei y ganar terreno en la interna peronista. Ante una multitud, el mandatario bonaerense redobl\u00f3 las cr\u00edticas contra el Gobierno nacional, al que acus\u00f3 de ser &#8220;la continuidad de Mart\u00ednez de Hoz y Domingo Cavallo&#8221;.<\/p>\n\n\n\n<p>Adem\u00e1s, este lanzamiento surgi\u00f3 como forma de &#8220;marcar el terreno en el PJ&#8221; ante las tensiones con Cristina Kirchner, los referentes camporistas, y el Frente Renovador de Sergio Massa. \u201cTenemos que entender algo fundamental, y lo digo para todos: el \u00fanico adversario que tenemos es Milei y est\u00e1 fuera, no est\u00e1 adentro\u201d, subray\u00f3 Kicillof, en clara referencia a la interna peronista. \u201cLo que tenemos que hacer es hablarle a nuestro pueblo, no estar hablando entre los dirigentes\u201d, reclam\u00f3.<\/p>\n","protected":false},"excerpt":{"rendered":"<p>En una jugada con doble objetivo, el gobernador Axel Kicillof lanz\u00f3 este s\u00e1bado el Movimiento Derecho al Futuro (MDF), con la mira puesta en confrontar el modelo de Javier Milei y ganar&#8230;<\/p>\n","protected":false},"author":1,"featured_media":7019,"comment_status":"open","ping_status":"open","sticky":false,"template":"","format":"standard","meta":{"footnotes":""},"categories":[3],"tags":[],"class_list":["post-7018","post","type-post","status-publish","format-standard","has-post-thumbnail","hentry","category-general"],"_links":{"self":[{"href":"https:\/\/emisoracolon.com.ar\/index.php\/wp-json\/wp\/v2\/posts\/7018","targetHints":{"allow":["GET"]}}],"collection":[{"href":"https:\/\/emisoracolon.com.ar\/index.php\/wp-json\/wp\/v2\/posts"}],"about":[{"href":"https:\/\/emisoracolon.com.ar\/index.php\/wp-json\/wp\/v2\/types\/post"}],"author":[{"embeddable":true,"href":"https:\/\/emisoracolon.com.ar\/index.php\/wp-json\/wp\/v2\/users\/1"}],"replies":[{"embeddable":true,"href":"https:\/\/emisoracolon.com.ar\/index.php\/wp-json\/wp\/v2\/comments?post=7018"}],"version-history":[{"count":1,"href":"https:\/\/emisoracolon.com.ar\/index.php\/wp-json\/wp\/v2\/posts\/7018\/revisions"}],"predecessor-version":[{"id":7020,"href":"https:\/\/emisoracolon.com.ar\/index.php\/wp-json\/wp\/v2\/posts\/7018\/revisions\/7020"}],"wp:featuredmedia":[{"embeddable":true,"href":"https:\/\/emisoracolon.com.ar\/index.php\/wp-json\/wp\/v2\/media\/7019"}],"wp:attachment":[{"href":"https:\/\/emisoracolon.com.ar\/index.php\/wp-json\/wp\/v2\/media?parent=7018"}],"wp:term":[{"taxonomy":"category","embeddable":true,"href":"https:\/\/emisoracolon.com.ar\/index.php\/wp-json\/wp\/v2\/categories?post=7018"},{"taxonomy":"post_tag","embeddable":true,"href":"https:\/\/emisoracolon.com.ar\/index.php\/wp-json\/wp\/v2\/tags?post=7018"}],"curies":[{"name":"wp","href":"https:\/\/api.w.org\/{rel}","templated":true}]}}