{"id":7015,"date":"2025-06-02T17:22:06","date_gmt":"2025-06-02T20:22:06","guid":{"rendered":"https:\/\/emisoracolon.com.ar\/?p=7015"},"modified":"2025-06-02T17:22:06","modified_gmt":"2025-06-02T20:22:06","slug":"2-de-junio-dia-del-bombero-voluntario","status":"publish","type":"post","link":"https:\/\/emisoracolon.com.ar\/index.php\/2025\/06\/02\/2-de-junio-dia-del-bombero-voluntario\/","title":{"rendered":"2 de junio \u2013 D\u00eda del Bombero Voluntario"},"content":{"rendered":"\n<p>Hoy celebramos con orgullo y gratitud el D\u00eda del Bombero Voluntario, una fecha que reconoce la entrega, el valor y el compromiso de quienes arriesgan su vida por el bienestar de los dem\u00e1s.<\/p>\n\n\n\n<p>En Col\u00f3n, Buenos Aires, el cuartel de Bomberos Voluntarios cumple 69 a\u00f1os de trayectoria, siendo un verdadero s\u00edmbolo de vocaci\u00f3n y servicio. Esta instituci\u00f3n, profundamente arraigada en el coraz\u00f3n de la comunidad, cuenta con el reconocimiento y respeto de todos los vecinos, que valoran su labor incansable ante cada emergencia.<\/p>\n\n\n\n<p>Este nuevo aniversario los encuentra en pleno apogeo, con un cuerpo activo consolidado, renovaciones en su equipamiento y una formaci\u00f3n constante que refleja el profesionalismo con el que trabajan d\u00eda a d\u00eda.<\/p>\n\n\n\n<p>\u00a1Feliz d\u00eda y gracias por tanto, Bomberos Voluntarios de Col\u00f3n!<\/p>\n\n\n\n<p><strong>02\/06\/25 1956 &#8211; 1 de junio \u2013 2025<\/strong><\/p>\n\n\n\n<p>Ayer los bomberos de la ciudad destacaron un nuevo aniversario de la creaci\u00f3n del Cuartel. Lo hicieron con la siguiente publicaci\u00f3n:<\/p>\n\n\n\n<p>\u00a1Felices 69 a\u00f1os, Cuartel de Bomberos Voluntarios de Col\u00f3n!<\/p>\n\n\n\n<p>Hoy, Domingo 1 de junio de 2025, celebramos con orgullo el 69\u00b0 aniversario de nuestra querida instituci\u00f3n. Una historia que comenz\u00f3 hace casi siete d\u00e9cadas, a partir de un hecho que marc\u00f3 un antes y un despu\u00e9s, y que hoy sigue viva gracias al compromiso de quienes formaron parte de este camino y, sobre todo, al apoyo incondicional de nuestra comunidad.<\/p>\n\n\n\n<p>Gracias a esos pilares fundamentales, seguimos creciendo y fortaleciendo nuestra labor d\u00eda a d\u00eda. Por eso, invitamos a toda la sociedad a acompa\u00f1arnos en los actos conmemorativos que se realizar\u00e1n el Lunes 2 y S\u00e1bado 7 de junio, en el marco del D\u00eda del Bombero Voluntario.<\/p>\n\n\n\n<p>Los esperamos para compartir juntos el izamiento de la Bandera el Lunes 2 de junio, a partir de las 07:50 hs, con el tradicional toque de sirena y desayuno comunitario<\/p>\n\n\n\n<p><strong>02\/05\/25 &#8211; D\u00eda del Bombero Voluntario | \u00a1Gracias por tanto!<\/strong><\/p>\n\n\n\n<p>En su d\u00eda, saludamos con orgullo y gratitud a los bomberos voluntarios de Col\u00f3n, que con vocaci\u00f3n, entrega y coraje est\u00e1n siempre al servicio de la comunidad.<\/p>\n\n\n\n<p>El jefe del cuerpo, Daniel Francesc\u00e1ngeli, destac\u00f3 el crecimiento del cuartel en capacitaci\u00f3n, equipamiento y compromiso. Con orgullo mencion\u00f3 el trabajo en equipo, la incorporaci\u00f3n de mujeres al cuerpo activo y los nuevos desaf\u00edos que trae el crecimiento de la ciudad, como los edificios de altura.<\/p>\n\n\n\n<p>\u201cSomos una familia que entrena y se prepara todos los d\u00edas para cuidar a los dem\u00e1s\u201d, afirm\u00f3.<\/p>\n\n\n\n<p>\u00a1Gracias por su valent\u00eda y dedicaci\u00f3n!<\/p>\n\n\n\n<p>&#8212;&#8212;&#8212;&#8212;&#8212;&#8212;<\/p>\n\n\n\n<p>D\u00eda del Bombero Voluntario: Orgullo, vocaci\u00f3n y compromiso en Col\u00f3n<\/p>\n\n\n\n<p>Como cada 2 de junio, se celebr\u00f3 en todo el pa\u00eds el D\u00eda del Bombero Voluntario, y en Col\u00f3n la comunidad expres\u00f3 su profundo reconocimiento hacia quienes, con entrega y valent\u00eda, dedican su vida al servicio de los dem\u00e1s. En este marco, el jefe del cuerpo activo de bomberos locales, Daniel Francesc\u00e1ngeli, comparti\u00f3 sus reflexiones sobre el presente y los desaf\u00edos del cuartel.<\/p>\n\n\n\n<p>\u201cSeguimos evolucionando, con mucho trabajo en capacitaci\u00f3n. Tenemos gente en cargos directivos tanto en la Escuela Zonal como en la Escuela Regional\u201d, coment\u00f3 Francesc\u00e1ngeli, destacando el papel del suboficial Accastello como director regional de capacitaci\u00f3n y de Marcelo Salgado, segundo jefe, como director de operaciones. \u201cNos capacitamos constantemente para poder brindar un mejor servicio. Hoy la tecnolog\u00eda avanza y los desaf\u00edos son mayores\u201d, agreg\u00f3.<\/p>\n\n\n\n<p>Uno de los logros recientes m\u00e1s significativos para el cuerpo es el campo de entrenamiento propio. \u201cEs un espacio muy valioso, disponible tambi\u00e9n para otros cuarteles de la regi\u00f3n. El s\u00e1bado fuimos anfitriones de una reuni\u00f3n regional con m\u00e1s de 30 cuarteles del noroeste. Ese reconocimiento nos llena de orgullo\u201d, se\u00f1al\u00f3 el jefe.<\/p>\n\n\n\n<p>En cuanto a la infraestructura y equipamiento, Francesc\u00e1ngeli detall\u00f3 el reacondicionamiento de un cami\u00f3n cisterna marca Scania, que sumar\u00e1 capacidad operativa con 10.000 litros de agua. Adem\u00e1s, inform\u00f3 sobre la incorporaci\u00f3n de dos equipos de respiraci\u00f3n aut\u00f3noma, esenciales para proteger a los bomberos en incendios estructurales. \u201cCada avance se logra con esfuerzo y con el apoyo permanente de la comunidad. Contamos con una planificaci\u00f3n anual que gu\u00eda nuestras compras y prioridades\u201d, explic\u00f3.<\/p>\n\n\n\n<p>Uno de los desaf\u00edos emergentes para los bomberos de Col\u00f3n es el crecimiento vertical de la ciudad. \u201cVemos con atenci\u00f3n la construcci\u00f3n de edificios de altura. Hemos solicitado informaci\u00f3n a la Municipalidad sobre las normas de seguridad con las que se est\u00e1n construyendo. Si bien no tenemos poder de polic\u00eda, necesitamos saber a qu\u00e9 nos enfrentamos en caso de un siniestro\u201d, indic\u00f3 Francesc\u00e1ngeli.<\/p>\n\n\n\n<p>Respecto a la capacidad operativa actual, el jefe explic\u00f3 que si bien existen formas de acceder a pisos elevados desde el interior, trabajar desde el exterior requiere equipamientos especiales, como escaleras mec\u00e1nicas o hidroelevadores, que actualmente no poseen. \u201cLo que s\u00ed podemos hacer es generar instancias de formaci\u00f3n con los consorcios para que conozcan los protocolos de evacuaci\u00f3n y entiendan la importancia de una alerta temprana\u201d, afirm\u00f3.<\/p>\n\n\n\n<p>En este sentido, subray\u00f3 la importancia de estar f\u00edsica y mentalmente preparados: \u201cEl uso del equipo aut\u00f3nomo es clave en estos casos. Hoy sumamos dos nuevos equipos de origen estadounidense, de alt\u00edsima calidad y muy costosos, que protegen la salud del bombero en ambientes con gases t\u00f3xicos. Nunca se subestima ese riesgo\u201d.<\/p>\n\n\n\n<p>Consultado sobre el funcionamiento del cuerpo y su din\u00e1mica interna, Francesc\u00e1ngeli defini\u00f3 al equipo como \u201cuna familia\u201d. \u201cTrabajamos codo a codo con la comisi\u00f3n directiva. Puede haber diferencias, pero eso nos ayuda a crecer. Ellos saben que cada pedido es una necesidad real, y siempre apuntamos a mejorar tanto en protecci\u00f3n como en capacidad operativa\u201d, remarc\u00f3.<\/p>\n\n\n\n<p>Adem\u00e1s, resalt\u00f3 la presencia constante de los bomberos en el cuartel: \u201cLa gente nos ve en los siniestros, pero estamos siempre. De noche, despu\u00e9s del trabajo, seguimos entrenando, manteniendo los equipos y prepar\u00e1ndonos\u201d.<\/p>\n\n\n\n<p>Este a\u00f1o, adem\u00e1s, el cuartel celebr\u00f3 una incorporaci\u00f3n hist\u00f3rica: las primeras tres bomberas voluntarias. \u201cSon unas leonas, un verdadero orgullo. Cumplen exactamente las mismas funciones que sus compa\u00f1eros varones, integradas plenamente a las dotaciones de trabajo\u201d.<\/p>\n\n\n\n<p>Para cerrar, Francesc\u00e1ngeli invit\u00f3 a la comunidad a acercarse al cuartel: \u201cMuchas veces la gente se queda en la puerta con verg\u00fcenza o miedo de molestar. Pero este cuartel es de todos, lo que hacemos es gracias a lo que la comunidad nos brinda. Que se acerquen, que conozcan, que vean c\u00f3mo trabajamos. Todo lo que tenemos es para estar listos cuando nos necesiten\u201d.<\/p>\n\n\n\n<p>En este d\u00eda especial, Col\u00f3n saluda a sus bomberos voluntarios, verdaderos guardianes de la comunidad, cuyo coraje y compromiso cotidiano son un ejemplo de vocaci\u00f3n y servicio.<\/p>\n","protected":false},"excerpt":{"rendered":"<p>Hoy celebramos con orgullo y gratitud el D\u00eda del Bombero Voluntario, una fecha que reconoce la entrega, el valor y el compromiso de quienes arriesgan su vida por el bienestar de los&#8230;<\/p>\n","protected":false},"author":1,"featured_media":7016,"comment_status":"open","ping_status":"open","sticky":false,"template":"","format":"standard","meta":{"footnotes":""},"categories":[3],"tags":[],"class_list":["post-7015","post","type-post","status-publish","format-standard","has-post-thumbnail","hentry","category-general"],"_links":{"self":[{"href":"https:\/\/emisoracolon.com.ar\/index.php\/wp-json\/wp\/v2\/posts\/7015","targetHints":{"allow":["GET"]}}],"collection":[{"href":"https:\/\/emisoracolon.com.ar\/index.php\/wp-json\/wp\/v2\/posts"}],"about":[{"href":"https:\/\/emisoracolon.com.ar\/index.php\/wp-json\/wp\/v2\/types\/post"}],"author":[{"embeddable":true,"href":"https:\/\/emisoracolon.com.ar\/index.php\/wp-json\/wp\/v2\/users\/1"}],"replies":[{"embeddable":true,"href":"https:\/\/emisoracolon.com.ar\/index.php\/wp-json\/wp\/v2\/comments?post=7015"}],"version-history":[{"count":1,"href":"https:\/\/emisoracolon.com.ar\/index.php\/wp-json\/wp\/v2\/posts\/7015\/revisions"}],"predecessor-version":[{"id":7017,"href":"https:\/\/emisoracolon.com.ar\/index.php\/wp-json\/wp\/v2\/posts\/7015\/revisions\/7017"}],"wp:featuredmedia":[{"embeddable":true,"href":"https:\/\/emisoracolon.com.ar\/index.php\/wp-json\/wp\/v2\/media\/7016"}],"wp:attachment":[{"href":"https:\/\/emisoracolon.com.ar\/index.php\/wp-json\/wp\/v2\/media?parent=7015"}],"wp:term":[{"taxonomy":"category","embeddable":true,"href":"https:\/\/emisoracolon.com.ar\/index.php\/wp-json\/wp\/v2\/categories?post=7015"},{"taxonomy":"post_tag","embeddable":true,"href":"https:\/\/emisoracolon.com.ar\/index.php\/wp-json\/wp\/v2\/tags?post=7015"}],"curies":[{"name":"wp","href":"https:\/\/api.w.org\/{rel}","templated":true}]}}