{"id":7011,"date":"2025-05-30T16:52:10","date_gmt":"2025-05-30T19:52:10","guid":{"rendered":"https:\/\/emisoracolon.com.ar\/?p=7011"},"modified":"2025-05-30T16:52:10","modified_gmt":"2025-05-30T19:52:10","slug":"polemica-por-el-agua-funcionarios-responden-a-pedido-de-informe","status":"publish","type":"post","link":"https:\/\/emisoracolon.com.ar\/index.php\/2025\/05\/30\/polemica-por-el-agua-funcionarios-responden-a-pedido-de-informe\/","title":{"rendered":"Pol\u00e9mica por el agua: funcionarios responden a pedido de informe"},"content":{"rendered":"\n<p>El tema del agua volvi\u00f3 a encender el debate en el \u00e1mbito local, luego de que el concejal N\u00e9stor Iacci solicitara un informe t\u00e9cnico para determinar si la red municipal est\u00e1 siendo clorada de forma adecuada. La solicitud surge tras la inquietud de un vecino del barrio Pro Casa, quien denunci\u00f3 que dos personas habr\u00edan sufrido problemas de salud presuntamente vinculados al consumo de agua contaminada.<\/p>\n\n\n\n<p>Ante esto, el funcionario Carlos Traficante respondi\u00f3 en duros t\u00e9rminos: \u201cOtra vez el tema del agua\u201d, comenz\u00f3 diciendo, recordando un episodio de hace cuatro a\u00f1os en el que \u2014seg\u00fan relat\u00f3\u2014 un concejal afirm\u00f3 que el agua local estaba \u201cenvenenada\u201d. \u201cHay que tener ciertos recaudos a la hora de hablar del agua y de supuestos casos\u201d, remarc\u00f3.<\/p>\n\n\n\n<p>Traficante explic\u00f3 que el informe t\u00e9cnico ser\u00e1 respondido por el personal especializado de la Direcci\u00f3n correspondiente y del \u00e1rea de Medio Ambiente. Afirm\u00f3 que las bombas dosificadoras de cloro \u201cest\u00e1n funcionando\u201d, y advirti\u00f3 que no se debe vincular autom\u00e1ticamente un problema de salud con la red p\u00fablica sin pruebas concretas. \u201cHay que contemplar que cada domicilio tiene tanques, protocolos que seguir, y no podemos acusar directamente a la red de distribuci\u00f3n del municipio\u201d, sostuvo.<\/p>\n\n\n\n<p>Adem\u00e1s, pidi\u00f3 \u201cno generalizar\u201d ni \u201calarmar a la sociedad\u201d, y lament\u00f3 que se generen episodios de desinformaci\u00f3n como en el pasado. \u201cHago esta intervenci\u00f3n para evitar el caos que puede desatarse cuando se hacen declaraciones infundadas\u201d, expres\u00f3.<\/p>\n\n\n\n<p>Por su parte, el concejal Iacci aclar\u00f3 que su pedido no busca alarmar a la comunidad, sino \u201cgarantizar que las cosas se est\u00e9n haciendo bien\u201d. Seg\u00fan explic\u00f3, su intervenci\u00f3n fue motivada por el testimonio de un vecino del barrio Pro Casa, quien relat\u00f3 que dos personas con diferentes patolog\u00edas no obtuvieron diagn\u00f3sticos claros en an\u00e1lisis locales, pero s\u00ed en un estudio realizado en Buenos Aires, donde se habr\u00eda detectado contaminaci\u00f3n bacteriana en el agua que consum\u00edan.<\/p>\n\n\n\n<p>\u201cNuestro pedido es simplemente para saber si la clorificaci\u00f3n es la adecuada. Nada m\u00e1s que eso. No queremos generar miedo, pero s\u00ed tranquilidad en la poblaci\u00f3n\u201d, cerr\u00f3 Iacci.<\/p>\n\n\n\n<p><strong>30\/05\/2025 \u2013 El oficialismo respondi\u00f3 sobre la motoniveladora: \u201cTodav\u00eda no est\u00e1 reparada\u201d<\/strong><\/p>\n\n\n\n<p>El concejal oficialista Carlos Traficante respondi\u00f3 al pedido de informes presentado por su par N\u00e9stor Iacci respecto al costo de reparaci\u00f3n de una motoniveladora y al consumo de combustibles registrado por el equipo.<\/p>\n\n\n\n<p>En sesi\u00f3n, Traficante explic\u00f3 que la motoniveladora Pauny fue enviada a una rectificadora en Pergamino, donde a\u00fan se encuentra en proceso de reparaci\u00f3n. \u201cSe desarm\u00f3 el motor y se envi\u00f3 a un lugar recomendado, donde hacen muy buenos trabajos. Todav\u00eda no est\u00e1 terminada, por eso no est\u00e1 en funcionamiento, que era una de las inquietudes planteadas en el pedido de informes\u201d, precis\u00f3.<\/p>\n\n\n\n<p>El edil detall\u00f3 adem\u00e1s que el mec\u00e1nico a cargo de la reparaci\u00f3n, N\u00e9stor Vald\u00e9s, ser\u00e1 quien se encargue de armar nuevamente el motor una vez que est\u00e9n listos los trabajos de rectificaci\u00f3n. \u201cNo tenemos el detalle completo de los repuestos utilizados porque la reparaci\u00f3n no est\u00e1 finalizada\u201d, indic\u00f3.<\/p>\n\n\n\n<p>En cuanto a las sospechas expresadas por Iacci sobre un presunto robo de combustible, adulteraci\u00f3n del medidor de horas de uso y falta de mantenimiento, Traficante fue categ\u00f3rico: \u201cTodas esas conjeturas corren por cuenta del concejal. Si dice que supuestamente se robaron el gasoil, que el medidor tiene la mitad de las horas reales o que rompieron el motor por falta de mantenimiento, que se haga responsable de sus dichos\u201d.<\/p>\n\n\n\n<p>La reparaci\u00f3n de la maquinaria y el control del parque automotor municipal vuelven as\u00ed al centro de la escena, en medio de acusaciones cruzadas entre el oficialismo y la oposici\u00f3n.<\/p>\n","protected":false},"excerpt":{"rendered":"<p>El tema del agua volvi\u00f3 a encender el debate en el \u00e1mbito local, luego de que el concejal N\u00e9stor Iacci solicitara un informe t\u00e9cnico para determinar si la red municipal est\u00e1 siendo&#8230;<\/p>\n","protected":false},"author":1,"featured_media":4313,"comment_status":"open","ping_status":"open","sticky":false,"template":"","format":"standard","meta":{"footnotes":""},"categories":[3],"tags":[],"class_list":["post-7011","post","type-post","status-publish","format-standard","has-post-thumbnail","hentry","category-general"],"_links":{"self":[{"href":"https:\/\/emisoracolon.com.ar\/index.php\/wp-json\/wp\/v2\/posts\/7011","targetHints":{"allow":["GET"]}}],"collection":[{"href":"https:\/\/emisoracolon.com.ar\/index.php\/wp-json\/wp\/v2\/posts"}],"about":[{"href":"https:\/\/emisoracolon.com.ar\/index.php\/wp-json\/wp\/v2\/types\/post"}],"author":[{"embeddable":true,"href":"https:\/\/emisoracolon.com.ar\/index.php\/wp-json\/wp\/v2\/users\/1"}],"replies":[{"embeddable":true,"href":"https:\/\/emisoracolon.com.ar\/index.php\/wp-json\/wp\/v2\/comments?post=7011"}],"version-history":[{"count":1,"href":"https:\/\/emisoracolon.com.ar\/index.php\/wp-json\/wp\/v2\/posts\/7011\/revisions"}],"predecessor-version":[{"id":7012,"href":"https:\/\/emisoracolon.com.ar\/index.php\/wp-json\/wp\/v2\/posts\/7011\/revisions\/7012"}],"wp:featuredmedia":[{"embeddable":true,"href":"https:\/\/emisoracolon.com.ar\/index.php\/wp-json\/wp\/v2\/media\/4313"}],"wp:attachment":[{"href":"https:\/\/emisoracolon.com.ar\/index.php\/wp-json\/wp\/v2\/media?parent=7011"}],"wp:term":[{"taxonomy":"category","embeddable":true,"href":"https:\/\/emisoracolon.com.ar\/index.php\/wp-json\/wp\/v2\/categories?post=7011"},{"taxonomy":"post_tag","embeddable":true,"href":"https:\/\/emisoracolon.com.ar\/index.php\/wp-json\/wp\/v2\/tags?post=7011"}],"curies":[{"name":"wp","href":"https:\/\/api.w.org\/{rel}","templated":true}]}}