{"id":7008,"date":"2025-05-30T16:51:39","date_gmt":"2025-05-30T19:51:39","guid":{"rendered":"https:\/\/emisoracolon.com.ar\/?p=7008"},"modified":"2025-05-30T16:51:39","modified_gmt":"2025-05-30T19:51:39","slug":"dia-municipal-de-batucadas","status":"publish","type":"post","link":"https:\/\/emisoracolon.com.ar\/index.php\/2025\/05\/30\/dia-municipal-de-batucadas\/","title":{"rendered":"D\u00eda Municipal de Batucadas"},"content":{"rendered":"\n<p>El pr\u00f3ximo domingo 1o de junio se conmemorar\u00e1 el D\u00eda Municipal de las Batucadas en honor al referente local, Oscar Pio Sosa, creador de la batucada Ver\u00e1 Juampi Ver\u00e1.<\/p>\n\n\n\n<p>Si bien no se dio a conocer la programaci\u00f3n de manera oficial, se espera la participaci\u00f3n de batucadas y comparas rindiendo homenaje o recordando la figura del referente local.<\/p>\n","protected":false},"excerpt":{"rendered":"<p>El pr\u00f3ximo domingo 1o de junio se conmemorar\u00e1 el D\u00eda Municipal de las Batucadas en honor al referente local, Oscar Pio Sosa, creador de la batucada Ver\u00e1 Juampi Ver\u00e1. Si bien no&#8230;<\/p>\n","protected":false},"author":1,"featured_media":7009,"comment_status":"open","ping_status":"open","sticky":false,"template":"","format":"standard","meta":{"footnotes":""},"categories":[7,3],"tags":[],"class_list":["post-7008","post","type-post","status-publish","format-standard","has-post-thumbnail","hentry","category-cultura","category-general"],"_links":{"self":[{"href":"https:\/\/emisoracolon.com.ar\/index.php\/wp-json\/wp\/v2\/posts\/7008","targetHints":{"allow":["GET"]}}],"collection":[{"href":"https:\/\/emisoracolon.com.ar\/index.php\/wp-json\/wp\/v2\/posts"}],"about":[{"href":"https:\/\/emisoracolon.com.ar\/index.php\/wp-json\/wp\/v2\/types\/post"}],"author":[{"embeddable":true,"href":"https:\/\/emisoracolon.com.ar\/index.php\/wp-json\/wp\/v2\/users\/1"}],"replies":[{"embeddable":true,"href":"https:\/\/emisoracolon.com.ar\/index.php\/wp-json\/wp\/v2\/comments?post=7008"}],"version-history":[{"count":1,"href":"https:\/\/emisoracolon.com.ar\/index.php\/wp-json\/wp\/v2\/posts\/7008\/revisions"}],"predecessor-version":[{"id":7010,"href":"https:\/\/emisoracolon.com.ar\/index.php\/wp-json\/wp\/v2\/posts\/7008\/revisions\/7010"}],"wp:featuredmedia":[{"embeddable":true,"href":"https:\/\/emisoracolon.com.ar\/index.php\/wp-json\/wp\/v2\/media\/7009"}],"wp:attachment":[{"href":"https:\/\/emisoracolon.com.ar\/index.php\/wp-json\/wp\/v2\/media?parent=7008"}],"wp:term":[{"taxonomy":"category","embeddable":true,"href":"https:\/\/emisoracolon.com.ar\/index.php\/wp-json\/wp\/v2\/categories?post=7008"},{"taxonomy":"post_tag","embeddable":true,"href":"https:\/\/emisoracolon.com.ar\/index.php\/wp-json\/wp\/v2\/tags?post=7008"}],"curies":[{"name":"wp","href":"https:\/\/api.w.org\/{rel}","templated":true}]}}