{"id":7006,"date":"2025-05-30T16:49:57","date_gmt":"2025-05-30T19:49:57","guid":{"rendered":"https:\/\/emisoracolon.com.ar\/?p=7006"},"modified":"2025-05-30T16:49:57","modified_gmt":"2025-05-30T19:49:57","slug":"liga-bonaerense-de-videos-juegos","status":"publish","type":"post","link":"https:\/\/emisoracolon.com.ar\/index.php\/2025\/05\/30\/liga-bonaerense-de-videos-juegos\/","title":{"rendered":"Liga Bonaerense de videos juegos"},"content":{"rendered":"\n<p>Llega ma\u00f1ana la Liga Bonaerense de videojuegos. Ser\u00e1 una jornada para compartir tu pasi\u00f3n por los videojuegos. Comienza a las 14:00 en el Gimnasio de la ex Escuela Nacional (Av. 42 y 14)<\/p>\n\n\n\n<p>Ser\u00e1 nueva edici\u00f3n del evento m\u00e1s esperado por la comunidad gamer con competiciones en en Free Fire, FIFA, F1, League of Legends, Clash Royale, Counter Strike 2 y Valorant, simuladores de carreras con butacas, volantes y pedales.<\/p>\n\n\n\n<p>Habr\u00e1 m\u00fasica, premios, sorteos, comida con entrada libre y gratuita!<\/p>\n\n\n\n<p>Organiza el Instituto Cultural | Gobierno de la Provincia de Buenos Aires colabora: Municipalidad de Col\u00f3n<\/p>\n","protected":false},"excerpt":{"rendered":"<p>Llega ma\u00f1ana la Liga Bonaerense de videojuegos. Ser\u00e1 una jornada para compartir tu pasi\u00f3n por los videojuegos. Comienza a las 14:00 en el Gimnasio de la ex Escuela Nacional (Av. 42 y&#8230;<\/p>\n","protected":false},"author":1,"featured_media":6947,"comment_status":"open","ping_status":"open","sticky":false,"template":"","format":"standard","meta":{"footnotes":""},"categories":[3],"tags":[],"class_list":["post-7006","post","type-post","status-publish","format-standard","has-post-thumbnail","hentry","category-general"],"_links":{"self":[{"href":"https:\/\/emisoracolon.com.ar\/index.php\/wp-json\/wp\/v2\/posts\/7006","targetHints":{"allow":["GET"]}}],"collection":[{"href":"https:\/\/emisoracolon.com.ar\/index.php\/wp-json\/wp\/v2\/posts"}],"about":[{"href":"https:\/\/emisoracolon.com.ar\/index.php\/wp-json\/wp\/v2\/types\/post"}],"author":[{"embeddable":true,"href":"https:\/\/emisoracolon.com.ar\/index.php\/wp-json\/wp\/v2\/users\/1"}],"replies":[{"embeddable":true,"href":"https:\/\/emisoracolon.com.ar\/index.php\/wp-json\/wp\/v2\/comments?post=7006"}],"version-history":[{"count":1,"href":"https:\/\/emisoracolon.com.ar\/index.php\/wp-json\/wp\/v2\/posts\/7006\/revisions"}],"predecessor-version":[{"id":7007,"href":"https:\/\/emisoracolon.com.ar\/index.php\/wp-json\/wp\/v2\/posts\/7006\/revisions\/7007"}],"wp:featuredmedia":[{"embeddable":true,"href":"https:\/\/emisoracolon.com.ar\/index.php\/wp-json\/wp\/v2\/media\/6947"}],"wp:attachment":[{"href":"https:\/\/emisoracolon.com.ar\/index.php\/wp-json\/wp\/v2\/media?parent=7006"}],"wp:term":[{"taxonomy":"category","embeddable":true,"href":"https:\/\/emisoracolon.com.ar\/index.php\/wp-json\/wp\/v2\/categories?post=7006"},{"taxonomy":"post_tag","embeddable":true,"href":"https:\/\/emisoracolon.com.ar\/index.php\/wp-json\/wp\/v2\/tags?post=7006"}],"curies":[{"name":"wp","href":"https:\/\/api.w.org\/{rel}","templated":true}]}}