{"id":7004,"date":"2025-05-30T16:49:28","date_gmt":"2025-05-30T19:49:28","guid":{"rendered":"https:\/\/emisoracolon.com.ar\/?p=7004"},"modified":"2025-05-30T16:49:28","modified_gmt":"2025-05-30T19:49:28","slug":"vigencia-de-la-moratoria","status":"publish","type":"post","link":"https:\/\/emisoracolon.com.ar\/index.php\/2025\/05\/30\/vigencia-de-la-moratoria\/","title":{"rendered":"Vigencia de la moratoria"},"content":{"rendered":"\n<p>Est\u00e1 en vigencia la Moratoria 2025, la que se se\u00f1ala como una gran oportunidad para que el contribuyente pueda regularizar sus obligaciones adeudadas.<\/p>\n\n\n\n<p>El plan incluye todo tipo de deudas: tasas, derechos, patentes, entre otras.<\/p>\n\n\n\n<p>Adem\u00e1s, cuenta con una reducci\u00f3n de intereses de hasta un 85%, sin l\u00edmite de monto, con planes de pagos a medida y con la intenci\u00f3n de evitar acciones legales y tambi\u00e9n de obtener descuento de buen contribuyente para futuras liquidaciones.<\/p>\n\n\n\n<p>Los esperamos en la sede de gobierno municipal.<\/p>\n\n\n\n<p>Los interesados deben concurrir a la Municipalidad para presentar su situaci\u00f3n personal.<\/p>\n","protected":false},"excerpt":{"rendered":"<p>Est\u00e1 en vigencia la Moratoria 2025, la que se se\u00f1ala como una gran oportunidad para que el contribuyente pueda regularizar sus obligaciones adeudadas. El plan incluye todo tipo de deudas: tasas, derechos,&#8230;<\/p>\n","protected":false},"author":1,"featured_media":6821,"comment_status":"open","ping_status":"open","sticky":false,"template":"","format":"standard","meta":{"footnotes":""},"categories":[3],"tags":[],"class_list":["post-7004","post","type-post","status-publish","format-standard","has-post-thumbnail","hentry","category-general"],"_links":{"self":[{"href":"https:\/\/emisoracolon.com.ar\/index.php\/wp-json\/wp\/v2\/posts\/7004","targetHints":{"allow":["GET"]}}],"collection":[{"href":"https:\/\/emisoracolon.com.ar\/index.php\/wp-json\/wp\/v2\/posts"}],"about":[{"href":"https:\/\/emisoracolon.com.ar\/index.php\/wp-json\/wp\/v2\/types\/post"}],"author":[{"embeddable":true,"href":"https:\/\/emisoracolon.com.ar\/index.php\/wp-json\/wp\/v2\/users\/1"}],"replies":[{"embeddable":true,"href":"https:\/\/emisoracolon.com.ar\/index.php\/wp-json\/wp\/v2\/comments?post=7004"}],"version-history":[{"count":1,"href":"https:\/\/emisoracolon.com.ar\/index.php\/wp-json\/wp\/v2\/posts\/7004\/revisions"}],"predecessor-version":[{"id":7005,"href":"https:\/\/emisoracolon.com.ar\/index.php\/wp-json\/wp\/v2\/posts\/7004\/revisions\/7005"}],"wp:featuredmedia":[{"embeddable":true,"href":"https:\/\/emisoracolon.com.ar\/index.php\/wp-json\/wp\/v2\/media\/6821"}],"wp:attachment":[{"href":"https:\/\/emisoracolon.com.ar\/index.php\/wp-json\/wp\/v2\/media?parent=7004"}],"wp:term":[{"taxonomy":"category","embeddable":true,"href":"https:\/\/emisoracolon.com.ar\/index.php\/wp-json\/wp\/v2\/categories?post=7004"},{"taxonomy":"post_tag","embeddable":true,"href":"https:\/\/emisoracolon.com.ar\/index.php\/wp-json\/wp\/v2\/tags?post=7004"}],"curies":[{"name":"wp","href":"https:\/\/api.w.org\/{rel}","templated":true}]}}