{"id":7001,"date":"2025-05-30T16:48:47","date_gmt":"2025-05-30T19:48:47","guid":{"rendered":"https:\/\/emisoracolon.com.ar\/?p=7001"},"modified":"2025-05-30T16:48:47","modified_gmt":"2025-05-30T19:48:47","slug":"vacunan-a-municipales","status":"publish","type":"post","link":"https:\/\/emisoracolon.com.ar\/index.php\/2025\/05\/30\/vacunan-a-municipales\/","title":{"rendered":"Vacunan a municipales"},"content":{"rendered":"\n<p>Anunci\u00f3 la Municipalidad que est\u00e1 aplicando la antigripal a su personal. Impulsado por la Secretar\u00eda de Salud, se llev\u00f3 a cabo la vacunaci\u00f3n contra la gripe al personal municipal. La campa\u00f1a tuvo lugar en distintos espacios de trabajo, con el objetivo de proteger a quienes prestan servicios esenciales para la comunidad. Esta medida forma parte del compromiso de cuidar la salud de los trabajadores y evitar la propagaci\u00f3n de enfermedades respiratorias durante los meses m\u00e1s fr\u00edos del a\u00f1o.<\/p>\n","protected":false},"excerpt":{"rendered":"<p>Anunci\u00f3 la Municipalidad que est\u00e1 aplicando la antigripal a su personal. Impulsado por la Secretar\u00eda de Salud, se llev\u00f3 a cabo la vacunaci\u00f3n contra la gripe al personal municipal. La campa\u00f1a tuvo&#8230;<\/p>\n","protected":false},"author":1,"featured_media":7002,"comment_status":"open","ping_status":"open","sticky":false,"template":"","format":"standard","meta":{"footnotes":""},"categories":[3],"tags":[],"class_list":["post-7001","post","type-post","status-publish","format-standard","has-post-thumbnail","hentry","category-general"],"_links":{"self":[{"href":"https:\/\/emisoracolon.com.ar\/index.php\/wp-json\/wp\/v2\/posts\/7001","targetHints":{"allow":["GET"]}}],"collection":[{"href":"https:\/\/emisoracolon.com.ar\/index.php\/wp-json\/wp\/v2\/posts"}],"about":[{"href":"https:\/\/emisoracolon.com.ar\/index.php\/wp-json\/wp\/v2\/types\/post"}],"author":[{"embeddable":true,"href":"https:\/\/emisoracolon.com.ar\/index.php\/wp-json\/wp\/v2\/users\/1"}],"replies":[{"embeddable":true,"href":"https:\/\/emisoracolon.com.ar\/index.php\/wp-json\/wp\/v2\/comments?post=7001"}],"version-history":[{"count":1,"href":"https:\/\/emisoracolon.com.ar\/index.php\/wp-json\/wp\/v2\/posts\/7001\/revisions"}],"predecessor-version":[{"id":7003,"href":"https:\/\/emisoracolon.com.ar\/index.php\/wp-json\/wp\/v2\/posts\/7001\/revisions\/7003"}],"wp:featuredmedia":[{"embeddable":true,"href":"https:\/\/emisoracolon.com.ar\/index.php\/wp-json\/wp\/v2\/media\/7002"}],"wp:attachment":[{"href":"https:\/\/emisoracolon.com.ar\/index.php\/wp-json\/wp\/v2\/media?parent=7001"}],"wp:term":[{"taxonomy":"category","embeddable":true,"href":"https:\/\/emisoracolon.com.ar\/index.php\/wp-json\/wp\/v2\/categories?post=7001"},{"taxonomy":"post_tag","embeddable":true,"href":"https:\/\/emisoracolon.com.ar\/index.php\/wp-json\/wp\/v2\/tags?post=7001"}],"curies":[{"name":"wp","href":"https:\/\/api.w.org\/{rel}","templated":true}]}}