{"id":6829,"date":"2025-05-20T16:55:05","date_gmt":"2025-05-20T19:55:05","guid":{"rendered":"https:\/\/emisoracolon.com.ar\/?p=6829"},"modified":"2025-05-20T16:55:05","modified_gmt":"2025-05-20T19:55:05","slug":"valorizar-los-simbolos-locales","status":"publish","type":"post","link":"https:\/\/emisoracolon.com.ar\/index.php\/2025\/05\/20\/valorizar-los-simbolos-locales\/","title":{"rendered":"Valorizar los s\u00edmbolos locales"},"content":{"rendered":"\n<p>Juntos por el Cambio propone incorporar s\u00edmbolos locales en actos oficiales de Col\u00f3n<\/p>\n\n\n\n<p>El bloque de concejales de Juntos por el Cambio present\u00f3 un proyecto de ordenanza en el Concejo Deliberante de Col\u00f3n, con el objetivo de incorporar de manera oficial los s\u00edmbolos distintivos de la ciudad \u2014la bandera colonense, el himno local y el escudo municipal\u2014 en todos los actos y eventos conmemorativos organizados por el municipio.<\/p>\n\n\n\n<p>Durante la \u00faltima sesi\u00f3n, el concejal N\u00e9stor Iacci fue el encargado de fundamentar la iniciativa, recordando que &#8220;en 1992, con motivo del centenario de nuestra querida ciudad, fue entregado como patrimonio de todos los colomenses el Himno local, con letra de Marta Infante&#8221;. Asimismo, se\u00f1al\u00f3 que &#8220;en los colegios no se rese\u00f1a la existencia de estos distintivos propios de los colonenses&#8221;, y remarc\u00f3 la necesidad de fomentar su difusi\u00f3n. \u201cHay que incentivar a nuestros j\u00f3venes desde los diferentes establecimientos educativos el aprendizaje de nuestro himno y la existencia de una bandera, para crear en la ciudadan\u00eda un sentido de pertenencia y amor a estos s\u00edmbolos que nos identifican\u201d, expres\u00f3.<\/p>\n\n\n\n<p>El proyecto propone, en su art\u00edculo primero, &#8220;adoptar el uso de los emblemas identificatorios de nuestra ciudad en los actos y eventos conmemorativos de Col\u00f3n para todas las dependencias municipales&#8221;. Adem\u00e1s, se solicita remitir copia de la iniciativa al Consejo Escolar y a los establecimientos educativos, con la intenci\u00f3n de promover su implementaci\u00f3n tambi\u00e9n en el \u00e1mbito educativo.<\/p>\n\n\n\n<p>La propuesta busca revalorizar los s\u00edmbolos que representan la identidad cultural e hist\u00f3rica de Col\u00f3n, y que, seg\u00fan los concejales, no han sido debidamente reconocidos en los actos oficiales de los \u00faltimos a\u00f1os.<\/p>\n","protected":false},"excerpt":{"rendered":"<p>Juntos por el Cambio propone incorporar s\u00edmbolos locales en actos oficiales de Col\u00f3n El bloque de concejales de Juntos por el Cambio present\u00f3 un proyecto de ordenanza en el Concejo Deliberante de&#8230;<\/p>\n","protected":false},"author":1,"featured_media":371,"comment_status":"open","ping_status":"open","sticky":false,"template":"","format":"standard","meta":{"footnotes":""},"categories":[3],"tags":[],"class_list":["post-6829","post","type-post","status-publish","format-standard","has-post-thumbnail","hentry","category-general"],"_links":{"self":[{"href":"https:\/\/emisoracolon.com.ar\/index.php\/wp-json\/wp\/v2\/posts\/6829","targetHints":{"allow":["GET"]}}],"collection":[{"href":"https:\/\/emisoracolon.com.ar\/index.php\/wp-json\/wp\/v2\/posts"}],"about":[{"href":"https:\/\/emisoracolon.com.ar\/index.php\/wp-json\/wp\/v2\/types\/post"}],"author":[{"embeddable":true,"href":"https:\/\/emisoracolon.com.ar\/index.php\/wp-json\/wp\/v2\/users\/1"}],"replies":[{"embeddable":true,"href":"https:\/\/emisoracolon.com.ar\/index.php\/wp-json\/wp\/v2\/comments?post=6829"}],"version-history":[{"count":1,"href":"https:\/\/emisoracolon.com.ar\/index.php\/wp-json\/wp\/v2\/posts\/6829\/revisions"}],"predecessor-version":[{"id":6830,"href":"https:\/\/emisoracolon.com.ar\/index.php\/wp-json\/wp\/v2\/posts\/6829\/revisions\/6830"}],"wp:featuredmedia":[{"embeddable":true,"href":"https:\/\/emisoracolon.com.ar\/index.php\/wp-json\/wp\/v2\/media\/371"}],"wp:attachment":[{"href":"https:\/\/emisoracolon.com.ar\/index.php\/wp-json\/wp\/v2\/media?parent=6829"}],"wp:term":[{"taxonomy":"category","embeddable":true,"href":"https:\/\/emisoracolon.com.ar\/index.php\/wp-json\/wp\/v2\/categories?post=6829"},{"taxonomy":"post_tag","embeddable":true,"href":"https:\/\/emisoracolon.com.ar\/index.php\/wp-json\/wp\/v2\/tags?post=6829"}],"curies":[{"name":"wp","href":"https:\/\/api.w.org\/{rel}","templated":true}]}}