{"id":6354,"date":"2025-04-11T17:47:01","date_gmt":"2025-04-11T20:47:01","guid":{"rendered":"https:\/\/emisoracolon.com.ar\/?p=6354"},"modified":"2025-04-11T17:47:01","modified_gmt":"2025-04-11T20:47:01","slug":"semana-de-la-educacion-fisica","status":"publish","type":"post","link":"https:\/\/emisoracolon.com.ar\/index.php\/2025\/04\/11\/semana-de-la-educacion-fisica\/","title":{"rendered":"Semana de la Educaci\u00f3n F\u00edsica"},"content":{"rendered":"\n<p>El mi\u00e9rcoles por la ma\u00f1ana en la Escuela Secundaria de El Arbolito hubo actividad en el marco de la semana de la Educaci\u00f3n F\u00edsica.<\/p>\n\n\n\n<p>Entre otras cuestiones se llevo a cabo una charla sobre h\u00e1bitos saludables a cargo de la nutricionista Florencia Mart\u00ednes, mientras Natali Vizioli habl\u00f3 sobre la importancia de la actividad f\u00edsica.<\/p>\n\n\n\n<p>Sostuvo la Municipalidad, presente en la charla, \u201cde esta manera, tanto desde la Direcci\u00f3n de Salud Comunitaria como desde la Subsecretar\u00eda de Deportes, seguimos nuestra tarea de trabajar junto a las instituciones educativas del distrito\u201d.<\/p>\n","protected":false},"excerpt":{"rendered":"<p>El mi\u00e9rcoles por la ma\u00f1ana en la Escuela Secundaria de El Arbolito hubo actividad en el marco de la semana de la Educaci\u00f3n F\u00edsica. Entre otras cuestiones se llevo a cabo una&#8230;<\/p>\n","protected":false},"author":1,"featured_media":6355,"comment_status":"open","ping_status":"open","sticky":false,"template":"","format":"standard","meta":{"footnotes":""},"categories":[6],"tags":[],"class_list":["post-6354","post","type-post","status-publish","format-standard","has-post-thumbnail","hentry","category-deportes"],"_links":{"self":[{"href":"https:\/\/emisoracolon.com.ar\/index.php\/wp-json\/wp\/v2\/posts\/6354","targetHints":{"allow":["GET"]}}],"collection":[{"href":"https:\/\/emisoracolon.com.ar\/index.php\/wp-json\/wp\/v2\/posts"}],"about":[{"href":"https:\/\/emisoracolon.com.ar\/index.php\/wp-json\/wp\/v2\/types\/post"}],"author":[{"embeddable":true,"href":"https:\/\/emisoracolon.com.ar\/index.php\/wp-json\/wp\/v2\/users\/1"}],"replies":[{"embeddable":true,"href":"https:\/\/emisoracolon.com.ar\/index.php\/wp-json\/wp\/v2\/comments?post=6354"}],"version-history":[{"count":1,"href":"https:\/\/emisoracolon.com.ar\/index.php\/wp-json\/wp\/v2\/posts\/6354\/revisions"}],"predecessor-version":[{"id":6356,"href":"https:\/\/emisoracolon.com.ar\/index.php\/wp-json\/wp\/v2\/posts\/6354\/revisions\/6356"}],"wp:featuredmedia":[{"embeddable":true,"href":"https:\/\/emisoracolon.com.ar\/index.php\/wp-json\/wp\/v2\/media\/6355"}],"wp:attachment":[{"href":"https:\/\/emisoracolon.com.ar\/index.php\/wp-json\/wp\/v2\/media?parent=6354"}],"wp:term":[{"taxonomy":"category","embeddable":true,"href":"https:\/\/emisoracolon.com.ar\/index.php\/wp-json\/wp\/v2\/categories?post=6354"},{"taxonomy":"post_tag","embeddable":true,"href":"https:\/\/emisoracolon.com.ar\/index.php\/wp-json\/wp\/v2\/tags?post=6354"}],"curies":[{"name":"wp","href":"https:\/\/api.w.org\/{rel}","templated":true}]}}