{"id":6239,"date":"2025-03-31T17:29:20","date_gmt":"2025-03-31T20:29:20","guid":{"rendered":"https:\/\/emisoracolon.com.ar\/?p=6239"},"modified":"2025-03-31T17:29:20","modified_gmt":"2025-03-31T20:29:20","slug":"iacci-alumbrado-publico-y-las-motos-ruidosas","status":"publish","type":"post","link":"https:\/\/emisoracolon.com.ar\/index.php\/2025\/03\/31\/iacci-alumbrado-publico-y-las-motos-ruidosas\/","title":{"rendered":"Iacci: Alumbrado p\u00fablico y las motos ruidosas"},"content":{"rendered":"\n<p>El concejal N\u00e9stor Iacci expres\u00f3 su preocupaci\u00f3n por la falta de alumbrado p\u00fablico en varias calles de la ciudad debido a l\u00e1mparas quemadas. Al respecto, se\u00f1al\u00f3:<\/p>\n\n\n\n<p>*&#8221;Me tom\u00e9 el atrevimiento de ir a hablar con la Cooperativa El\u00e9ctrica porque creo que el problema no es de ellos, sino que la municipalidad no est\u00e1 proveyendo las luminarias. Adem\u00e1s, hay calles oscuras porque las ramas de los \u00e1rboles tapan las luces, dejando la cuadra en penumbras como si no hubiera l\u00e1mparas. Ser\u00eda importante tomar conciencia de esta situaci\u00f3n y proceder a la poda, al menos en las zonas donde est\u00e1n las luminarias, para que los vecinos tengan mayor claridad durante la noche.<\/p>\n\n\n\n<p>La tasa de alumbrado p\u00fablico es una de las m\u00e1s visibles, es un cobro compulsivo que todos pagan, y creo que los ciudadanos tienen derecho a exigir que la iluminaci\u00f3n est\u00e9 en perfectas condiciones y cumpla su funci\u00f3n adecuadamente.&#8221;*<\/p>\n\n\n\n<p>El concejal N\u00e9stor Iacci record\u00f3 que, en 2012, se aprob\u00f3 por unanimidad una ordenanza para sancionar los ruidos molestos en la ciudad. Sin embargo, el entonces intendente, Ricardo Casi, la vet\u00f3 &#8220;porque inclu\u00eda el control del sonido de las campanas de la Iglesia&#8221;.<\/p>\n\n\n\n<p>Asimismo, se\u00f1al\u00f3 que la normativa vigente sobre ruidos molestos fue aprobada en 2017, pero lament\u00f3 que &#8220;no se est\u00e1 cumpliendo&#8221;.<\/p>\n\n\n\n<p>Iacci coment\u00f3 que ha dialogado con otros concejales para mejorar o unificar las ordenanzas existentes y analizarlas en la Comisi\u00f3n de Legislaci\u00f3n. &#8220;Debemos evaluar qu\u00e9 es legalmente aplicable, porque ser\u00eda muy \u00fatil contar con una herramienta m\u00e1s para abordar el problema de los ruidos molestos y la circulaci\u00f3n de motocicletas conducidas de manera irresponsable. Vemos motos sin casco, con escapes libres, haciendo &#8216;wheelies&#8217; y, \u00faltimamente, hasta disparando tiros. As\u00ed estamos&#8221;, expres\u00f3.<\/p>\n\n\n\n<p>Finalmente, subray\u00f3 la importancia de atender los reclamos de la comunidad: &#8220;La gente nos reclama constantemente. Somos los representantes del pueblo y debemos buscar soluciones&#8221;.<\/p>\n\n\n\n<p><strong>31\/12\/25 &#8211; Morales: tasa elevada<\/strong><\/p>\n\n\n\n<p>En el Concejo Deliberante, Milagros Morales present\u00f3 los datos de un informe de CARBAP (Confederaci\u00f3n de Asociaciones Rurales de Buenos Aires y La Pampa), destacando que Col\u00f3n ocupa el segundo lugar en el ranking de mayor presi\u00f3n tributaria por hect\u00e1rea, solo por detr\u00e1s de Chivilcoy.<\/p>\n\n\n\n<p>&#8220;Son cifras alarmantes que evidencian el aumento excesivo de la tasa de red vial, que actualmente requiere un promedio de 17.114 pesos por hect\u00e1rea, equivalente a unos 90 kilos de trigo o 60 kilos de soja. Esto refuerza el reclamo que venimos haciendo en este Concejo Deliberante sobre el cobro de esta tasa y la falta de contraprestaci\u00f3n. Los caminos est\u00e1n en un estado de abandono alarmante, y estos datos no hacen m\u00e1s que reflejar la realidad de lo que sucede con este tipo de tributos, cuyo destino es incierto&#8221;, expres\u00f3 Morales.<\/p>\n\n\n\n<p><strong>31\/03\/25 &#8211; Morales: Licencia y VTV<\/strong><\/p>\n\n\n\n<p>La concejala Milagros Morales present\u00f3 un proyecto de ordenanza de su bloque, Juntos por el Cambio, que propone modificar la Reglamentaci\u00f3n General de la Ley 24.449 de Tr\u00e1nsito y Seguridad Vial.<\/p>\n\n\n\n<p>Entre sus principales puntos, la iniciativa establece la implementaci\u00f3n de la licencia de conducir digital, con el objetivo de simplificar tr\u00e1mites y permitir que prestadores p\u00fablicos y privados realicen los ex\u00e1menes psicof\u00edsicos, te\u00f3ricos y te\u00f3rico-pr\u00e1cticos. &#8220;Esto permitir\u00e1 descentralizar y agilizar los tr\u00e1mites relacionados con la obtenci\u00f3n de la licencia de conducir&#8221;, explic\u00f3 Morales.<\/p>\n\n\n\n<p>Asimismo, el proyecto plantea cambios en la obligatoriedad de la Revisi\u00f3n T\u00e9cnica Vehicular (VTV). Actualmente, esta debe realizarse anualmente, pero con la modificaci\u00f3n propuesta, para veh\u00edculos de uso particular, el plazo se extender\u00eda a 24 meses. &#8220;Esto representar\u00eda un ahorro significativo en el pago de tributos, ya que la verificaci\u00f3n anual ha incrementado considerablemente sus costos. Adem\u00e1s, permitir\u00eda la descentralizaci\u00f3n de los talleres habilitados para realizar la VTV&#8221;, se\u00f1al\u00f3 la concejala.<\/p>\n\n\n\n<p>Morales adelant\u00f3 que el proyecto ser\u00e1 analizado en las comisiones de Legislaci\u00f3n, Presupuesto y Tr\u00e1nsito, con el objetivo de &#8220;agilizar los tr\u00e1mites y reducir algunas erogaciones que actualmente implica la Verificaci\u00f3n T\u00e9cnica Vehicular&#8221;.<\/p>\n\n\n\n<p><strong>31\/12\/25 \u2013 Carlos Traficante: No hay plata<\/strong><\/p>\n\n\n\n<p>El concejal de Uni\u00f3n por la Patria, Carlos Traficante, respondi\u00f3 a las cr\u00edticas de los ediles de Juntos por el Cambio y cuestion\u00f3 sus planteos sobre la gesti\u00f3n municipal.<\/p>\n\n\n\n<p>&#8220;La concejal Claudia Necco sostiene que habr\u00eda que reparar la planta depuradora, a pesar de que venimos diciendo desde hace tiempo que no hay obra p\u00fablica y que el Departamento Ejecutivo ya reconoci\u00f3 que el Gobierno Nacional no financiar\u00e1 esas obras. Entonces, \u00bfdejamos de mencionarlo porque, si no, nos acusan de &#8216;llorones&#8217; y de poner excusas?&#8221;, expres\u00f3.<\/p>\n\n\n\n<p>Traficante tambi\u00e9n se\u00f1al\u00f3 que el municipio no est\u00e1 recibiendo la coparticipaci\u00f3n que le corresponde y record\u00f3 que el Concejo aprob\u00f3 en su momento un 2% de la tasa al combustible para el mantenimiento de la v\u00eda p\u00fablica. &#8220;Sin embargo, siguen diciendo que es un 3% y que deber\u00edamos dejar de cobrarla. Hay que ponerse de acuerdo: queremos que se hagan cosas, pero \u00bfde d\u00f3nde va a salir el dinero?&#8221;, enfatiz\u00f3.<\/p>\n\n\n\n<p>En cuanto al estado de las calles, destac\u00f3 los avances del plan Reparar, que incluye bacheo y reparaci\u00f3n de p\u00e9rdidas de agua y cloacas. &#8220;S\u00ed, va lento, pero es lo que se puede hacer con los recursos disponibles. Desde que asumi\u00f3 el intendente, estamos recibiendo 40 o 50 millones de pesos menos todos los meses. No hay dinero para muchas obras y hay que arreglarse con lo que hay&#8221;, explic\u00f3.<\/p>\n\n\n\n<p>Sobre los caminos rurales, rechaz\u00f3 la propuesta de contratar una empresa de servicios viales y defendi\u00f3 el uso de maquinaria municipal. &#8220;En este momento solo hay tres motoniveladoras en funcionamiento, pero ya estamos reparando dos m\u00e1s. Se dice que los caminos est\u00e1n en mal estado, pero discrepo: hasta las grandes lluvias estaban en condiciones aceptables. Para la cosecha, en lugar de abovedarlos, se pas\u00f3 un rastr\u00f3n para eliminar las huellas de la lluvia. Seguiremos con las reparaciones la pr\u00f3xima semana, aunque el trabajo definitivo llevar\u00e1 m\u00e1s tiempo&#8221;, sostuvo.<\/p>\n\n\n\n<p>Por \u00faltimo, critic\u00f3 la inconsistencia en los reclamos sobre el personal municipal. &#8220;Primero dec\u00edan que se hab\u00eda nombrado demasiada gente, pero ahora afirman en las radios que falta personal en el hospital y en el cementerio. Deben ponerse de acuerdo a la hora de hacer sus planteos&#8221;, concluy\u00f3.<\/p>\n","protected":false},"excerpt":{"rendered":"<p>El concejal N\u00e9stor Iacci expres\u00f3 su preocupaci\u00f3n por la falta de alumbrado p\u00fablico en varias calles de la ciudad debido a l\u00e1mparas quemadas. Al respecto, se\u00f1al\u00f3: *&#8221;Me tom\u00e9 el atrevimiento de ir&#8230;<\/p>\n","protected":false},"author":1,"featured_media":4313,"comment_status":"open","ping_status":"open","sticky":false,"template":"","format":"standard","meta":{"footnotes":""},"categories":[3],"tags":[],"class_list":["post-6239","post","type-post","status-publish","format-standard","has-post-thumbnail","hentry","category-general"],"_links":{"self":[{"href":"https:\/\/emisoracolon.com.ar\/index.php\/wp-json\/wp\/v2\/posts\/6239","targetHints":{"allow":["GET"]}}],"collection":[{"href":"https:\/\/emisoracolon.com.ar\/index.php\/wp-json\/wp\/v2\/posts"}],"about":[{"href":"https:\/\/emisoracolon.com.ar\/index.php\/wp-json\/wp\/v2\/types\/post"}],"author":[{"embeddable":true,"href":"https:\/\/emisoracolon.com.ar\/index.php\/wp-json\/wp\/v2\/users\/1"}],"replies":[{"embeddable":true,"href":"https:\/\/emisoracolon.com.ar\/index.php\/wp-json\/wp\/v2\/comments?post=6239"}],"version-history":[{"count":1,"href":"https:\/\/emisoracolon.com.ar\/index.php\/wp-json\/wp\/v2\/posts\/6239\/revisions"}],"predecessor-version":[{"id":6240,"href":"https:\/\/emisoracolon.com.ar\/index.php\/wp-json\/wp\/v2\/posts\/6239\/revisions\/6240"}],"wp:featuredmedia":[{"embeddable":true,"href":"https:\/\/emisoracolon.com.ar\/index.php\/wp-json\/wp\/v2\/media\/4313"}],"wp:attachment":[{"href":"https:\/\/emisoracolon.com.ar\/index.php\/wp-json\/wp\/v2\/media?parent=6239"}],"wp:term":[{"taxonomy":"category","embeddable":true,"href":"https:\/\/emisoracolon.com.ar\/index.php\/wp-json\/wp\/v2\/categories?post=6239"},{"taxonomy":"post_tag","embeddable":true,"href":"https:\/\/emisoracolon.com.ar\/index.php\/wp-json\/wp\/v2\/tags?post=6239"}],"curies":[{"name":"wp","href":"https:\/\/api.w.org\/{rel}","templated":true}]}}