{"id":6234,"date":"2025-03-31T17:27:28","date_gmt":"2025-03-31T20:27:28","guid":{"rendered":"https:\/\/emisoracolon.com.ar\/?p=6234"},"modified":"2025-03-31T17:27:28","modified_gmt":"2025-03-31T20:27:28","slug":"defensores-y-asesores-de-la-justicia-48-horas-sin-atencion","status":"publish","type":"post","link":"https:\/\/emisoracolon.com.ar\/index.php\/2025\/03\/31\/defensores-y-asesores-de-la-justicia-48-horas-sin-atencion\/","title":{"rendered":"Defensores y Asesores de la Justicia 48 horas sin atenci\u00f3n"},"content":{"rendered":"\n<p>Por medio de un comunicado en las redes sociales, la Asociaci\u00f3n de Abogados de Col\u00f3n manifest\u00f3 preocupaci\u00f3n ante la falta de pago de los honorarios correspondientes a los servicios prestados en car\u00e1cter de Defensores y Asesores Ad Hoc, cuya deuda asciende a siete meses a la fecha.<\/p>\n\n\n\n<p>Se\u00f1alaron, \u201cA pesar de los reiterados reclamos y gestiones administrativas realizadas, no hemos obtenido respuestas satisfactorias ni precisiones respecto al cumplimiento de las obligaciones econ\u00f3micas pendientes. Esta situaci\u00f3n resulta insostenible para los profesionales afectados, quienes contin\u00faan ejerciendo sus funciones con compromiso y responsabilidad, sin recibir la retribuci\u00f3n correspondiente por su labor.<\/p>\n\n\n\n<p>En virtud de lo expuesto y tras la deliberaci\u00f3n llevada a cabo en nuestra \u00faltima reuni\u00f3n, se ha resuelto adoptar las siguientes medidas a partir del 1\u00b0 de abril:<\/p>\n\n\n\n<p>1. Solicitud de licencia por treinta (30) d\u00edas por parte de los Defensores y Asesores Ad Hoc.<\/p>\n\n\n\n<p>2. Cese de la atenci\u00f3n a los clientes de defensor\u00eda por un per\u00edodo de cuarenta y ocho (48) horas.<\/p>\n\n\n\n<p>Esta decisi\u00f3n no ha sido tomada como una medida de urgencia ante el incumplimiento reiterado de los pagos adeudados, (7 meses), lo que compromete gravemente la sostenibilidad del ejercicio profesional.<\/p>\n\n\n\n<p>Instamos a las autoridades competentes a regularizar la situaci\u00f3n en el menor tiempo posible, a fin de evitar mayores perjuicios tanto para los profesionales afectados como para los ciudadanos que requieren de nuestros servicios.<\/p>\n\n\n\n<p>Quedamos a disposici\u00f3n para mantener un di\u00e1logo institucional que permita arribar a una soluci\u00f3n inmediata y definitiva\u201d. Lo firma la Asociaci\u00f3n de Abogados de Col\u00f3n.<\/p>\n","protected":false},"excerpt":{"rendered":"<p>Por medio de un comunicado en las redes sociales, la Asociaci\u00f3n de Abogados de Col\u00f3n manifest\u00f3 preocupaci\u00f3n ante la falta de pago de los honorarios correspondientes a los servicios prestados en car\u00e1cter&#8230;<\/p>\n","protected":false},"author":1,"featured_media":6235,"comment_status":"open","ping_status":"open","sticky":false,"template":"","format":"standard","meta":{"footnotes":""},"categories":[3],"tags":[],"class_list":["post-6234","post","type-post","status-publish","format-standard","has-post-thumbnail","hentry","category-general"],"_links":{"self":[{"href":"https:\/\/emisoracolon.com.ar\/index.php\/wp-json\/wp\/v2\/posts\/6234","targetHints":{"allow":["GET"]}}],"collection":[{"href":"https:\/\/emisoracolon.com.ar\/index.php\/wp-json\/wp\/v2\/posts"}],"about":[{"href":"https:\/\/emisoracolon.com.ar\/index.php\/wp-json\/wp\/v2\/types\/post"}],"author":[{"embeddable":true,"href":"https:\/\/emisoracolon.com.ar\/index.php\/wp-json\/wp\/v2\/users\/1"}],"replies":[{"embeddable":true,"href":"https:\/\/emisoracolon.com.ar\/index.php\/wp-json\/wp\/v2\/comments?post=6234"}],"version-history":[{"count":1,"href":"https:\/\/emisoracolon.com.ar\/index.php\/wp-json\/wp\/v2\/posts\/6234\/revisions"}],"predecessor-version":[{"id":6236,"href":"https:\/\/emisoracolon.com.ar\/index.php\/wp-json\/wp\/v2\/posts\/6234\/revisions\/6236"}],"wp:featuredmedia":[{"embeddable":true,"href":"https:\/\/emisoracolon.com.ar\/index.php\/wp-json\/wp\/v2\/media\/6235"}],"wp:attachment":[{"href":"https:\/\/emisoracolon.com.ar\/index.php\/wp-json\/wp\/v2\/media?parent=6234"}],"wp:term":[{"taxonomy":"category","embeddable":true,"href":"https:\/\/emisoracolon.com.ar\/index.php\/wp-json\/wp\/v2\/categories?post=6234"},{"taxonomy":"post_tag","embeddable":true,"href":"https:\/\/emisoracolon.com.ar\/index.php\/wp-json\/wp\/v2\/tags?post=6234"}],"curies":[{"name":"wp","href":"https:\/\/api.w.org\/{rel}","templated":true}]}}