{"id":6229,"date":"2025-03-31T17:25:31","date_gmt":"2025-03-31T20:25:31","guid":{"rendered":"https:\/\/emisoracolon.com.ar\/?p=6229"},"modified":"2025-03-31T17:25:31","modified_gmt":"2025-03-31T20:25:31","slug":"vacunacion-antigripal-3","status":"publish","type":"post","link":"https:\/\/emisoracolon.com.ar\/index.php\/2025\/03\/31\/vacunacion-antigripal-3\/","title":{"rendered":"Vacunaci\u00f3n Antigripal"},"content":{"rendered":"\n<p>La Direcci\u00f3n de Salud Comunitaria inform\u00f3 el inicio de la vacunaci\u00f3n antigripal con la aplicaci\u00f3n de 220 dosis.<\/p>\n\n\n\n<p>Ser\u00e1 a partir de \u00e9ste lunes 31 de marzo desde las 12:30, en el Hospital Municipal (Ingreso por Bv. 50) y se vacunar\u00e1 a personas mayores de 65 a\u00f1os.<\/p>\n\n\n\n<p>La vacunaci\u00f3n contra la gripe, as\u00ed como todas las vacunas incluidas en el Calendario Nacional de Vacunaci\u00f3n, no requiere orden m\u00e9dica, con excepci\u00f3n de las personas que forman parte de los grupos con factores de riesgo.<\/p>\n","protected":false},"excerpt":{"rendered":"<p>La Direcci\u00f3n de Salud Comunitaria inform\u00f3 el inicio de la vacunaci\u00f3n antigripal con la aplicaci\u00f3n de 220 dosis. Ser\u00e1 a partir de \u00e9ste lunes 31 de marzo desde las 12:30, en el&#8230;<\/p>\n","protected":false},"author":1,"featured_media":6230,"comment_status":"open","ping_status":"open","sticky":false,"template":"","format":"standard","meta":{"footnotes":""},"categories":[3],"tags":[],"class_list":["post-6229","post","type-post","status-publish","format-standard","has-post-thumbnail","hentry","category-general"],"_links":{"self":[{"href":"https:\/\/emisoracolon.com.ar\/index.php\/wp-json\/wp\/v2\/posts\/6229","targetHints":{"allow":["GET"]}}],"collection":[{"href":"https:\/\/emisoracolon.com.ar\/index.php\/wp-json\/wp\/v2\/posts"}],"about":[{"href":"https:\/\/emisoracolon.com.ar\/index.php\/wp-json\/wp\/v2\/types\/post"}],"author":[{"embeddable":true,"href":"https:\/\/emisoracolon.com.ar\/index.php\/wp-json\/wp\/v2\/users\/1"}],"replies":[{"embeddable":true,"href":"https:\/\/emisoracolon.com.ar\/index.php\/wp-json\/wp\/v2\/comments?post=6229"}],"version-history":[{"count":1,"href":"https:\/\/emisoracolon.com.ar\/index.php\/wp-json\/wp\/v2\/posts\/6229\/revisions"}],"predecessor-version":[{"id":6231,"href":"https:\/\/emisoracolon.com.ar\/index.php\/wp-json\/wp\/v2\/posts\/6229\/revisions\/6231"}],"wp:featuredmedia":[{"embeddable":true,"href":"https:\/\/emisoracolon.com.ar\/index.php\/wp-json\/wp\/v2\/media\/6230"}],"wp:attachment":[{"href":"https:\/\/emisoracolon.com.ar\/index.php\/wp-json\/wp\/v2\/media?parent=6229"}],"wp:term":[{"taxonomy":"category","embeddable":true,"href":"https:\/\/emisoracolon.com.ar\/index.php\/wp-json\/wp\/v2\/categories?post=6229"},{"taxonomy":"post_tag","embeddable":true,"href":"https:\/\/emisoracolon.com.ar\/index.php\/wp-json\/wp\/v2\/tags?post=6229"}],"curies":[{"name":"wp","href":"https:\/\/api.w.org\/{rel}","templated":true}]}}