{"id":6220,"date":"2025-03-30T10:20:11","date_gmt":"2025-03-30T13:20:11","guid":{"rendered":"https:\/\/emisoracolon.com.ar\/?p=6220"},"modified":"2025-03-30T10:20:11","modified_gmt":"2025-03-30T13:20:11","slug":"sabado-29-marzo-2025","status":"publish","type":"post","link":"https:\/\/emisoracolon.com.ar\/index.php\/2025\/03\/30\/sabado-29-marzo-2025\/","title":{"rendered":"S\u00e1bado 29 Marzo 2025"},"content":{"rendered":"\n<p>Falleci\u00f3 JOSE ERNESTO QUINTEROS. 97 a\u00f1os<\/p>\n\n\n\n<p>Sepelio: Hoy s\u00e1bado. 17:00 hs. <\/p>\n\n\n\n<p>Casa de duelo: 53 13\/14<\/p>\n","protected":false},"excerpt":{"rendered":"<p>Falleci\u00f3 JOSE ERNESTO QUINTEROS. 97 a\u00f1os Sepelio: Hoy s\u00e1bado. 17:00 hs. Casa de duelo: 53 13\/14<\/p>\n","protected":false},"author":1,"featured_media":0,"comment_status":"open","ping_status":"open","sticky":false,"template":"","format":"standard","meta":{"footnotes":""},"categories":[1],"tags":[],"class_list":["post-6220","post","type-post","status-publish","format-standard","hentry","category-sin-categoria"],"_links":{"self":[{"href":"https:\/\/emisoracolon.com.ar\/index.php\/wp-json\/wp\/v2\/posts\/6220","targetHints":{"allow":["GET"]}}],"collection":[{"href":"https:\/\/emisoracolon.com.ar\/index.php\/wp-json\/wp\/v2\/posts"}],"about":[{"href":"https:\/\/emisoracolon.com.ar\/index.php\/wp-json\/wp\/v2\/types\/post"}],"author":[{"embeddable":true,"href":"https:\/\/emisoracolon.com.ar\/index.php\/wp-json\/wp\/v2\/users\/1"}],"replies":[{"embeddable":true,"href":"https:\/\/emisoracolon.com.ar\/index.php\/wp-json\/wp\/v2\/comments?post=6220"}],"version-history":[{"count":1,"href":"https:\/\/emisoracolon.com.ar\/index.php\/wp-json\/wp\/v2\/posts\/6220\/revisions"}],"predecessor-version":[{"id":6221,"href":"https:\/\/emisoracolon.com.ar\/index.php\/wp-json\/wp\/v2\/posts\/6220\/revisions\/6221"}],"wp:attachment":[{"href":"https:\/\/emisoracolon.com.ar\/index.php\/wp-json\/wp\/v2\/media?parent=6220"}],"wp:term":[{"taxonomy":"category","embeddable":true,"href":"https:\/\/emisoracolon.com.ar\/index.php\/wp-json\/wp\/v2\/categories?post=6220"},{"taxonomy":"post_tag","embeddable":true,"href":"https:\/\/emisoracolon.com.ar\/index.php\/wp-json\/wp\/v2\/tags?post=6220"}],"curies":[{"name":"wp","href":"https:\/\/api.w.org\/{rel}","templated":true}]}}