{"id":6212,"date":"2025-03-28T17:58:37","date_gmt":"2025-03-28T20:58:37","guid":{"rendered":"https:\/\/emisoracolon.com.ar\/?p=6212"},"modified":"2025-03-28T17:58:37","modified_gmt":"2025-03-28T20:58:37","slug":"villa-reclama-saber-como-giordano-recibio-la-municipalidad","status":"publish","type":"post","link":"https:\/\/emisoracolon.com.ar\/index.php\/2025\/03\/28\/villa-reclama-saber-como-giordano-recibio-la-municipalidad\/","title":{"rendered":"Villa reclama saber c\u00f3mo Giordano recibi\u00f3 la Municipalidad"},"content":{"rendered":"\n<p>El concejal Marcelo Villa sigue reclamando una respuesta al pedido de informes realizado sobre el estado en que recibi\u00f3 el Municipio.<\/p>\n\n\n\n<p>Hubo veces que distintos compa\u00f1eros de este bloque se manifestaron, y como es usual en este gobierno municipal, poco democr\u00e1tico rebotaron en los o\u00eddos sordos de La Campora colonense.<\/p>\n\n\n\n<p>Se lament\u00f3 porque desde el Departamento Ejecutivo no se le contest\u00f3 un pedido informes y dijo, \u201cpor eso -no sabemos si el Intendente minti\u00f3 hace un a\u00f1o atr\u00e1s en este recinto cuando abri\u00f3 el periodo de sesiones ordinarias con respecto al municipio que le dej\u00f3 Ricardo Casi en 2023. No quiero imaginar la angustia de los concejales que acompa\u00f1aron esa gesti\u00f3n, funcionarios en ese entonces, hoy concejales, de un bloque que responde el Intendente de turno\u201d.<\/p>\n\n\n\n<p>Dese\u00f3 que no sea excusa, lo que manifest\u00f3 el doctor Giordano, para salvar con el bla bla el mal gobierno que vine llevando a cabo. Seguimos esperando respuesta, de lo contrario ser\u00e1 una mentira m\u00e1s.<\/p>\n\n\n\n<p>Viendo el accionar que lleva este gobierno, les propongo trabajar seriamente, tener respeto y visualizar los problemas antes que sucedan, sostuvo a continuaci\u00f3n.<strong>Marcelo Villa: \u201cNunca m\u00e1s estas pol\u00edticas municipales\u201d<\/strong><\/p>\n\n\n\n<p>Marcelo Villa dijo que el Departamento Ejecutivo Municipal, no vea la realidad colonense ni tienen una gu\u00eda como para ir solucionando los problemas que se van presentando.<\/p>\n\n\n\n<p>Comenz\u00f3 enumerando su preocupaci\u00f3n por lo que ocurre con las urgencias en el hospital, \u201cporque acarrea varios problemas\u201d. Propuso nombrar un director por concurso, mejorar la administraci\u00f3n y algunos servicios, poner en funcionamiento las ambulancias rotas y darle a la Guardia una correcta atenci\u00f3n.<\/p>\n\n\n\n<p>El concejal de Juntos por el Cambio se refiri\u00f3 a los caminos rurales y desag\u00fces pluviales, \u201cya que est\u00e1n los expedientes en este Concejo Deliberante para dar una soluci\u00f3n inmediata. Fueron presentados por este bloque y espero que tengan la aprobaci\u00f3n de todo el cuerpo. Una reparaci\u00f3n t\u00e9cnica en los caminos y t\u00e9cnicos en el tema de aguas necesitamos urgente para nuestra ciudad\u201d.<\/p>\n\n\n\n<p>Viila propuso \u201cuna reorganizaci\u00f3n del staff pol\u00edtico con menos funcionarios, m\u00e1s atenci\u00f3n al gasto municipal, incentivos al empleado municipal, basta de sacar de plata al vecino con el combustible, ejecutar un programa serio y responsable en las calles de la ciudad de reparaci\u00f3n de pozos. Si los mismos pozos que est\u00e1n en el pavimento se siguen emparchando con escoria y brea, van a seguir siempre siendo pozos y nunca le dar\u00e1n una soluci\u00f3n definitiva. Adem\u00e1s, se necesita m\u00e1s limpieza en los espacios p\u00fablicos, m\u00e1s luminarias, porque hay muchas luces quemadas en distintos sectores de la ciudad.<\/p>\n\n\n\n<p>Recomend\u00f3, \u201cpresten mucha atenci\u00f3n al tema de agua y cloacas, pasan los d\u00edas y los problemas se agravan. Tr\u00e1nsito, Seguridad y Medio Ambiente, son tres temas que deben imponer con m\u00e1s fuerzas, con el cumplimiento de las ordenanzas y las leyes que lo regulan. Creo que no son ajenos a los ruidos molestos que soportan distintos sectores de la ciudad.<\/p>\n\n\n\n<p>\u201cY as\u00ed podr\u00eda seguir, &#8211; agreg\u00f3 &#8211; pero ya con lo dicho, sabr\u00e1n o se dar\u00e1n cuenta que no estamos bien como Distrito Col\u00f3n, y me reservo el tema de las localidades. Nunca m\u00e1s estas pol\u00edticas municipales\u201d, dijo finalmente.<\/p>\n\n\n\n<p><strong>Claudia Necco \u201cNunca vi la planta depuradora en tan malas condiciones\u201d<\/strong><\/p>\n\n\n\n<p>\u201cHace siete a\u00f1os 7 a\u00f1os que estoy ac\u00e1 como concejal y nunca vi la planta depuradora en tan malas condiciones como la observ\u00e9 la semana pasada. Claudia Necco tras recordar que presentaron en el Concejo Deliberante una Minuta de Comunicaci\u00f3n para saber sobre el estado de la planta depuradora, dijo \u201choy las malezas est\u00e1n muy altas en los piletones, no funciona casi nada, la mugre, terrible, ni les cuento el olor, la contaminaci\u00f3n, porque encontramos en ese momento un cami\u00f3n de la Municipalidad tirando el agua servida en el canal que a su vez conecta con otros de la regi\u00f3n.<\/p>\n\n\n\n<p>Agreg\u00f3, llama la atenci\u00f3n el abandono que tienen en el lugar, y no es por culpa del personal, porque ellos nos contaron que no ten\u00edan nada, ni una silla, ni una mesita, hay solo unos sillones que son una calamidad. Cuando llegan al lugar descansan ah\u00ed, pero se llueve, no es posible que tenga que estar en un lugar con esas condiciones.<\/p>\n\n\n\n<p>Reclam\u00f3 el arreglo de todo el predio de la planta depuradora. \u201cPor lo menos cortar el pasto, cortar las malezas altas que hay en el lugar donde van a desagotar los camiones. No se ve nada\u201d.<\/p>\n\n\n\n<p><strong>Alvarez reclam\u00f3 por el estado de calles de la ciudad<\/strong><\/p>\n\n\n\n<p>Julio Alvarez record\u00f3 que el Intendente, Waldemar Giordano, en la reciente sesi\u00f3n de apertura del periodo de ordinarias, dijo que puede recorrer la zona, pero no resolver\u00e1 los problemas solo caminando o sac\u00e1ndose fotos. Le respondo, dijo el concejal radical, que nosotros salimos a recorrer los barrios y mostramos lo que vemos porque los vecinos lo piden, ellos nos votamos para que nos representemos, como se debe hacer como oposici\u00f3n a un gobierno municipal. Tras ello enumer\u00f3 lo que considera deficiencias en distintas arterias de la ciudad:<\/p>\n\n\n\n<p>\u201cCalle 56, de 26 a 127, hay muchos reclamos por los yuyos, por los pozos. Y tambi\u00e9n en la 127, de 56 a 64, lo hab\u00edan arreglado. Pero la \u00faltima lluvia lo perjudic\u00f3, necesita un poco de piedra porque ahora es intransitable.<\/p>\n\n\n\n<p>Tambi\u00e9n en la calle 36 entre 14 y 15, hay pozos profundos, me gustar\u00eda que recorran ese lugar y vean si se puede llenar con escombros o granza para que la gente de ese lugar pueda circular.<\/p>\n\n\n\n<p>Tambi\u00e9n en la calle 36 y 21 hay cruce de calle muy profundo. En la calle 44, de 133 a 135, los vecinos piden iluminaci\u00f3n, hay un solo foco en esos dos cuadros. Ahora que llega el invierno es muy oscuro, aparte en esos lugares hay muchas plantas que forman una copa en la calle y no se ve nada. Hoy he visto que en la propaganda del Facebook, dicen que van a reparar ese lugar. Espero que no sea solo un discurso porque en abril y mayo anunciaron que iban a hacer esas cosas. Esperemos para estos vecinos que en ese lugar se pueda terminar el a\u00f1o por todas, porque en ese lugar los vecinos sufren mucho y tambi\u00e9n se han formado muchos pelotones en la calle 44, 133, unos 20 metros para adentro, la gente no puede salir por ese lugar. Todos los vecinos de ese lugar no tienen veh\u00edculos.<\/p>\n","protected":false},"excerpt":{"rendered":"<p>El concejal Marcelo Villa sigue reclamando una respuesta al pedido de informes realizado sobre el estado en que recibi\u00f3 el Municipio. Hubo veces que distintos compa\u00f1eros de este bloque se manifestaron, y&#8230;<\/p>\n","protected":false},"author":1,"featured_media":4313,"comment_status":"open","ping_status":"open","sticky":false,"template":"","format":"standard","meta":{"footnotes":""},"categories":[3],"tags":[],"class_list":["post-6212","post","type-post","status-publish","format-standard","has-post-thumbnail","hentry","category-general"],"_links":{"self":[{"href":"https:\/\/emisoracolon.com.ar\/index.php\/wp-json\/wp\/v2\/posts\/6212","targetHints":{"allow":["GET"]}}],"collection":[{"href":"https:\/\/emisoracolon.com.ar\/index.php\/wp-json\/wp\/v2\/posts"}],"about":[{"href":"https:\/\/emisoracolon.com.ar\/index.php\/wp-json\/wp\/v2\/types\/post"}],"author":[{"embeddable":true,"href":"https:\/\/emisoracolon.com.ar\/index.php\/wp-json\/wp\/v2\/users\/1"}],"replies":[{"embeddable":true,"href":"https:\/\/emisoracolon.com.ar\/index.php\/wp-json\/wp\/v2\/comments?post=6212"}],"version-history":[{"count":1,"href":"https:\/\/emisoracolon.com.ar\/index.php\/wp-json\/wp\/v2\/posts\/6212\/revisions"}],"predecessor-version":[{"id":6213,"href":"https:\/\/emisoracolon.com.ar\/index.php\/wp-json\/wp\/v2\/posts\/6212\/revisions\/6213"}],"wp:featuredmedia":[{"embeddable":true,"href":"https:\/\/emisoracolon.com.ar\/index.php\/wp-json\/wp\/v2\/media\/4313"}],"wp:attachment":[{"href":"https:\/\/emisoracolon.com.ar\/index.php\/wp-json\/wp\/v2\/media?parent=6212"}],"wp:term":[{"taxonomy":"category","embeddable":true,"href":"https:\/\/emisoracolon.com.ar\/index.php\/wp-json\/wp\/v2\/categories?post=6212"},{"taxonomy":"post_tag","embeddable":true,"href":"https:\/\/emisoracolon.com.ar\/index.php\/wp-json\/wp\/v2\/tags?post=6212"}],"curies":[{"name":"wp","href":"https:\/\/api.w.org\/{rel}","templated":true}]}}