{"id":6210,"date":"2025-03-28T17:57:26","date_gmt":"2025-03-28T20:57:26","guid":{"rendered":"https:\/\/emisoracolon.com.ar\/?p=6210"},"modified":"2025-03-28T17:57:26","modified_gmt":"2025-03-28T20:57:26","slug":"creditos-subsidiados-para-trabajadoras-y-trabajadores-independientes","status":"publish","type":"post","link":"https:\/\/emisoracolon.com.ar\/index.php\/2025\/03\/28\/creditos-subsidiados-para-trabajadoras-y-trabajadores-independientes\/","title":{"rendered":"Cr\u00e9ditos subsidiados para trabajadoras y trabajadores independientes"},"content":{"rendered":"\n<p>La Direcci\u00f3n de Producci\u00f3n y Empleo de la Municipalidad invita a la charla informativa sobre los cr\u00e9ditos subsidiados destinados a trabajadoras y trabajadores independientes de la Provincia de Buenos Aires que desarrollen una actividad productiva, comercial o de servicios. Estos cr\u00e9ditos tienen como finalidad la inversi\u00f3n productiva o el capital de trabajo, con el objetivo de fortalecer los emprendimientos.<\/p>\n\n\n\n<p>Ser\u00e1 el 1\u00b0 de abril a las 13:00 en el Polo Cultural<\/p>\n\n\n\n<p>Se realizar\u00e1 una preinscripci\u00f3n, por lo que las personas interesadas pueden dirigirse a la Direcci\u00f3n de Producci\u00f3n y Empleo (ubicada en calles 49 y 16) de lunes a viernes, en el horario de 8:00 a 13:00.<\/p>\n\n\n\n<p>Caracter\u00edsticas del programa de cr\u00e9ditos<\/p>\n\n\n\n<p>El vicepresidente de Provincia Cr\u00e9ditos, Emiliano Bisaro, en una nota con esta radio destac\u00f3 que los montos pueden alcanzar hasta 14 millones de pesos y est\u00e1n dirigidos principalmente a quienes tienen dificultades para acceder al sistema financiero formal. Es decir, son cr\u00e9ditos pensados para personas que, por falta de registros o documentaci\u00f3n, no pueden obtener microcr\u00e9ditos en bancos tradicionales.<\/p>\n\n\n\n<p>Estos cr\u00e9ditos son especialmente \u00fatiles para:<\/p>\n\n\n\n<p>Almaceneros, Bufeteros, Emprendedores gastron\u00f3micos (ej. reposteros, kiosqueros), Talleres mec\u00e1nicos<\/p>\n\n\n\n<p>Peque\u00f1os comerciantes y otros trabajadores independientes<\/p>\n\n\n\n<p>Debido a los altos requisitos de los bancos y los elevados costos de financiamiento en entidades no reguladas, estos cr\u00e9ditos buscan brindar una alternativa accesible y con mejores condiciones.<\/p>\n\n\n\n<p>Beneficios y condiciones<\/p>\n\n\n\n<p>Montos variables: Dependen de la capacidad de pago y del tipo de emprendimiento.<\/p>\n\n\n\n<p>Plazo de devoluci\u00f3n: Hasta 36 cuotas.<\/p>\n\n\n\n<p>Accesibilidad: No es necesario ser cliente del Banco Provincia para solicitarlo.<\/p>\n\n\n\n<p>Dep\u00f3sito \u00e1gil: Una vez aprobada la documentaci\u00f3n, el dinero se acredita en 72 horas.<\/p>\n\n\n\n<p>Subsidio municipal: La Municipalidad realizar\u00e1 un esfuerzo financiero para subsidiar entre 13 y 15 puntos de la tasa de inter\u00e9s, facilitando el acceso a los cr\u00e9ditos en condiciones m\u00e1s favorables.<\/p>\n\n\n\n<p>Bisaro tambi\u00e9n enfatiz\u00f3 la importancia de este esfuerzo conjunto entre el Banco Provincia y el Municipio, ya que muchos cr\u00e9ditos suelen estar dirigidos a pymes o cooperativas, mientras que este programa apunta a peque\u00f1os comerciantes y emprendimientos familiares que, hasta ahora, no contaban con opciones accesibles.<\/p>\n\n\n\n<p>Para m\u00e1s informaci\u00f3n, acercarse a la Direcci\u00f3n de Producci\u00f3n y Empleo o asistir a la charla el 1\u00b0 de abril.<\/p>\n","protected":false},"excerpt":{"rendered":"<p>La Direcci\u00f3n de Producci\u00f3n y Empleo de la Municipalidad invita a la charla informativa sobre los cr\u00e9ditos subsidiados destinados a trabajadoras y trabajadores independientes de la Provincia de Buenos Aires que desarrollen&#8230;<\/p>\n","protected":false},"author":1,"featured_media":6158,"comment_status":"open","ping_status":"open","sticky":false,"template":"","format":"standard","meta":{"footnotes":""},"categories":[3],"tags":[],"class_list":["post-6210","post","type-post","status-publish","format-standard","has-post-thumbnail","hentry","category-general"],"_links":{"self":[{"href":"https:\/\/emisoracolon.com.ar\/index.php\/wp-json\/wp\/v2\/posts\/6210","targetHints":{"allow":["GET"]}}],"collection":[{"href":"https:\/\/emisoracolon.com.ar\/index.php\/wp-json\/wp\/v2\/posts"}],"about":[{"href":"https:\/\/emisoracolon.com.ar\/index.php\/wp-json\/wp\/v2\/types\/post"}],"author":[{"embeddable":true,"href":"https:\/\/emisoracolon.com.ar\/index.php\/wp-json\/wp\/v2\/users\/1"}],"replies":[{"embeddable":true,"href":"https:\/\/emisoracolon.com.ar\/index.php\/wp-json\/wp\/v2\/comments?post=6210"}],"version-history":[{"count":1,"href":"https:\/\/emisoracolon.com.ar\/index.php\/wp-json\/wp\/v2\/posts\/6210\/revisions"}],"predecessor-version":[{"id":6211,"href":"https:\/\/emisoracolon.com.ar\/index.php\/wp-json\/wp\/v2\/posts\/6210\/revisions\/6211"}],"wp:featuredmedia":[{"embeddable":true,"href":"https:\/\/emisoracolon.com.ar\/index.php\/wp-json\/wp\/v2\/media\/6158"}],"wp:attachment":[{"href":"https:\/\/emisoracolon.com.ar\/index.php\/wp-json\/wp\/v2\/media?parent=6210"}],"wp:term":[{"taxonomy":"category","embeddable":true,"href":"https:\/\/emisoracolon.com.ar\/index.php\/wp-json\/wp\/v2\/categories?post=6210"},{"taxonomy":"post_tag","embeddable":true,"href":"https:\/\/emisoracolon.com.ar\/index.php\/wp-json\/wp\/v2\/tags?post=6210"}],"curies":[{"name":"wp","href":"https:\/\/api.w.org\/{rel}","templated":true}]}}