{"id":6205,"date":"2025-03-28T17:55:36","date_gmt":"2025-03-28T20:55:36","guid":{"rendered":"https:\/\/emisoracolon.com.ar\/?p=6205"},"modified":"2025-03-28T17:55:36","modified_gmt":"2025-03-28T20:55:36","slug":"corte-de-energia-11","status":"publish","type":"post","link":"https:\/\/emisoracolon.com.ar\/index.php\/2025\/03\/28\/corte-de-energia-11\/","title":{"rendered":"Corte de energ\u00eda"},"content":{"rendered":"\n<p>Ayer debido a cortes de cables durante la lluvia hubo sectores de la ciudad que se quedaron sin el servicio de energ\u00eda el\u00e9ctrica. Tiempo despu\u00e9s la Cooperativa El\u00e9ctrica inform\u00f3 la normalizaci\u00f3n de algunos sectores, aunque aclar\u00f3, que las labores segu\u00edan en otros puntos de la ciudad. La zona afectada comprendi\u00f3 la calle 127 entre 52 y 54 debido al corte un cable de media tensi\u00f3n. Tambi\u00e9n en calle 133 y 46 hubo un puente en media tensi\u00f3n cortado. Trabajaron tres cuadrillas con la finalidad de restablecer el servicio lo antes posible.<\/p>\n","protected":false},"excerpt":{"rendered":"<p>Ayer debido a cortes de cables durante la lluvia hubo sectores de la ciudad que se quedaron sin el servicio de energ\u00eda el\u00e9ctrica. Tiempo despu\u00e9s la Cooperativa El\u00e9ctrica inform\u00f3 la normalizaci\u00f3n de&#8230;<\/p>\n","protected":false},"author":1,"featured_media":472,"comment_status":"open","ping_status":"open","sticky":false,"template":"","format":"standard","meta":{"footnotes":""},"categories":[3],"tags":[],"class_list":["post-6205","post","type-post","status-publish","format-standard","has-post-thumbnail","hentry","category-general"],"_links":{"self":[{"href":"https:\/\/emisoracolon.com.ar\/index.php\/wp-json\/wp\/v2\/posts\/6205","targetHints":{"allow":["GET"]}}],"collection":[{"href":"https:\/\/emisoracolon.com.ar\/index.php\/wp-json\/wp\/v2\/posts"}],"about":[{"href":"https:\/\/emisoracolon.com.ar\/index.php\/wp-json\/wp\/v2\/types\/post"}],"author":[{"embeddable":true,"href":"https:\/\/emisoracolon.com.ar\/index.php\/wp-json\/wp\/v2\/users\/1"}],"replies":[{"embeddable":true,"href":"https:\/\/emisoracolon.com.ar\/index.php\/wp-json\/wp\/v2\/comments?post=6205"}],"version-history":[{"count":1,"href":"https:\/\/emisoracolon.com.ar\/index.php\/wp-json\/wp\/v2\/posts\/6205\/revisions"}],"predecessor-version":[{"id":6206,"href":"https:\/\/emisoracolon.com.ar\/index.php\/wp-json\/wp\/v2\/posts\/6205\/revisions\/6206"}],"wp:featuredmedia":[{"embeddable":true,"href":"https:\/\/emisoracolon.com.ar\/index.php\/wp-json\/wp\/v2\/media\/472"}],"wp:attachment":[{"href":"https:\/\/emisoracolon.com.ar\/index.php\/wp-json\/wp\/v2\/media?parent=6205"}],"wp:term":[{"taxonomy":"category","embeddable":true,"href":"https:\/\/emisoracolon.com.ar\/index.php\/wp-json\/wp\/v2\/categories?post=6205"},{"taxonomy":"post_tag","embeddable":true,"href":"https:\/\/emisoracolon.com.ar\/index.php\/wp-json\/wp\/v2\/tags?post=6205"}],"curies":[{"name":"wp","href":"https:\/\/api.w.org\/{rel}","templated":true}]}}