{"id":6200,"date":"2025-03-27T16:55:18","date_gmt":"2025-03-27T19:55:18","guid":{"rendered":"https:\/\/emisoracolon.com.ar\/?p=6200"},"modified":"2025-03-27T16:55:18","modified_gmt":"2025-03-27T19:55:18","slug":"sigue-la-campana-de-uso-racional-de-los-medicamentos","status":"publish","type":"post","link":"https:\/\/emisoracolon.com.ar\/index.php\/2025\/03\/27\/sigue-la-campana-de-uso-racional-de-los-medicamentos\/","title":{"rendered":"Sigue la campa\u00f1a de \u201cUso Racional de los Medicamentos\u201d"},"content":{"rendered":"\n<p>La Secretar\u00eda de Salud y el Colegio de Farmac\u00e9uticos de Col\u00f3n informan que contin\u00faa la campa\u00f1a denominada \u201cUso Racional de los Medicamentos\u201d, con la intenci\u00f3n del cuidado de la salud y el ambiente.<\/p>\n\n\n\n<p>El proyecto est\u00e1 dise\u00f1ado para que la comunidad pueda acercar medicamentos vencidos o que no utiliza a la farmacia de su barrio (que estar\u00e1n identificadas con una calco), donde ser\u00e1n desechados en forma segura.<\/p>\n\n\n\n<p>Vale recordar que los remedios que no son utilizados, pero son \u00fatiles, ser\u00e1n relevados y auditados por el Colegio de Farmac\u00e9uticos y entregados al Hospital Municipal, para que puedan serle \u00fatiles a otros vecinos y vecinas.<\/p>\n","protected":false},"excerpt":{"rendered":"<p>La Secretar\u00eda de Salud y el Colegio de Farmac\u00e9uticos de Col\u00f3n informan que contin\u00faa la campa\u00f1a denominada \u201cUso Racional de los Medicamentos\u201d, con la intenci\u00f3n del cuidado de la salud y el&#8230;<\/p>\n","protected":false},"author":1,"featured_media":6201,"comment_status":"open","ping_status":"open","sticky":false,"template":"","format":"standard","meta":{"footnotes":""},"categories":[3],"tags":[],"class_list":["post-6200","post","type-post","status-publish","format-standard","has-post-thumbnail","hentry","category-general"],"_links":{"self":[{"href":"https:\/\/emisoracolon.com.ar\/index.php\/wp-json\/wp\/v2\/posts\/6200","targetHints":{"allow":["GET"]}}],"collection":[{"href":"https:\/\/emisoracolon.com.ar\/index.php\/wp-json\/wp\/v2\/posts"}],"about":[{"href":"https:\/\/emisoracolon.com.ar\/index.php\/wp-json\/wp\/v2\/types\/post"}],"author":[{"embeddable":true,"href":"https:\/\/emisoracolon.com.ar\/index.php\/wp-json\/wp\/v2\/users\/1"}],"replies":[{"embeddable":true,"href":"https:\/\/emisoracolon.com.ar\/index.php\/wp-json\/wp\/v2\/comments?post=6200"}],"version-history":[{"count":1,"href":"https:\/\/emisoracolon.com.ar\/index.php\/wp-json\/wp\/v2\/posts\/6200\/revisions"}],"predecessor-version":[{"id":6202,"href":"https:\/\/emisoracolon.com.ar\/index.php\/wp-json\/wp\/v2\/posts\/6200\/revisions\/6202"}],"wp:featuredmedia":[{"embeddable":true,"href":"https:\/\/emisoracolon.com.ar\/index.php\/wp-json\/wp\/v2\/media\/6201"}],"wp:attachment":[{"href":"https:\/\/emisoracolon.com.ar\/index.php\/wp-json\/wp\/v2\/media?parent=6200"}],"wp:term":[{"taxonomy":"category","embeddable":true,"href":"https:\/\/emisoracolon.com.ar\/index.php\/wp-json\/wp\/v2\/categories?post=6200"},{"taxonomy":"post_tag","embeddable":true,"href":"https:\/\/emisoracolon.com.ar\/index.php\/wp-json\/wp\/v2\/tags?post=6200"}],"curies":[{"name":"wp","href":"https:\/\/api.w.org\/{rel}","templated":true}]}}