{"id":6198,"date":"2025-03-27T16:54:00","date_gmt":"2025-03-27T19:54:00","guid":{"rendered":"https:\/\/emisoracolon.com.ar\/?p=6198"},"modified":"2025-03-27T16:54:00","modified_gmt":"2025-03-27T19:54:00","slug":"corte-de-energia-10","status":"publish","type":"post","link":"https:\/\/emisoracolon.com.ar\/index.php\/2025\/03\/27\/corte-de-energia-10\/","title":{"rendered":"Corte de energ\u00eda"},"content":{"rendered":"\n<p>Por tareas de mantenimiento, la Cooperativa El\u00e9ctrica interrumpir\u00e1 el servicio entre las 06:30 y las 09:30 para realizar trabajos de mantenimiento y mejora del servicio, incluyendo la instalaci\u00f3n de un seccionalizador automatizado en la l\u00ednea de media tensi\u00f3n. en las siguientes calles:<\/p>\n\n\n\n<p>\u2714 Calle 19 (vereda impar) a Calle 21 (vereda par)<br>\u2714 Calle 42 a Calle 44 (ambas veredas)<br>\u2714 Calle 21 (vereda impar) a Calle 22 (ambas veredas)<br>\u2714 Calle 44 (vereda par) a Calle 48 (ambas veredas)<br>\u2714 Vereda par de Calle 19 (de 42 a 43)<br>\u2714 Ambas veredas de Calle 47 (de 22 a 23)<\/p>\n\n\n\n<p>Los trabajos se suspender\u00e1n en caso de lluvia.<\/p>\n","protected":false},"excerpt":{"rendered":"<p>Por tareas de mantenimiento, la Cooperativa El\u00e9ctrica interrumpir\u00e1 el servicio entre las 06:30 y las 09:30 para realizar trabajos de mantenimiento y mejora del servicio, incluyendo la instalaci\u00f3n de un seccionalizador automatizado&#8230;<\/p>\n","protected":false},"author":1,"featured_media":472,"comment_status":"open","ping_status":"open","sticky":false,"template":"","format":"standard","meta":{"footnotes":""},"categories":[3],"tags":[],"class_list":["post-6198","post","type-post","status-publish","format-standard","has-post-thumbnail","hentry","category-general"],"_links":{"self":[{"href":"https:\/\/emisoracolon.com.ar\/index.php\/wp-json\/wp\/v2\/posts\/6198","targetHints":{"allow":["GET"]}}],"collection":[{"href":"https:\/\/emisoracolon.com.ar\/index.php\/wp-json\/wp\/v2\/posts"}],"about":[{"href":"https:\/\/emisoracolon.com.ar\/index.php\/wp-json\/wp\/v2\/types\/post"}],"author":[{"embeddable":true,"href":"https:\/\/emisoracolon.com.ar\/index.php\/wp-json\/wp\/v2\/users\/1"}],"replies":[{"embeddable":true,"href":"https:\/\/emisoracolon.com.ar\/index.php\/wp-json\/wp\/v2\/comments?post=6198"}],"version-history":[{"count":1,"href":"https:\/\/emisoracolon.com.ar\/index.php\/wp-json\/wp\/v2\/posts\/6198\/revisions"}],"predecessor-version":[{"id":6199,"href":"https:\/\/emisoracolon.com.ar\/index.php\/wp-json\/wp\/v2\/posts\/6198\/revisions\/6199"}],"wp:featuredmedia":[{"embeddable":true,"href":"https:\/\/emisoracolon.com.ar\/index.php\/wp-json\/wp\/v2\/media\/472"}],"wp:attachment":[{"href":"https:\/\/emisoracolon.com.ar\/index.php\/wp-json\/wp\/v2\/media?parent=6198"}],"wp:term":[{"taxonomy":"category","embeddable":true,"href":"https:\/\/emisoracolon.com.ar\/index.php\/wp-json\/wp\/v2\/categories?post=6198"},{"taxonomy":"post_tag","embeddable":true,"href":"https:\/\/emisoracolon.com.ar\/index.php\/wp-json\/wp\/v2\/tags?post=6198"}],"curies":[{"name":"wp","href":"https:\/\/api.w.org\/{rel}","templated":true}]}}