{"id":6191,"date":"2025-03-26T17:43:28","date_gmt":"2025-03-26T20:43:28","guid":{"rendered":"https:\/\/emisoracolon.com.ar\/?p=6191"},"modified":"2025-03-26T17:43:28","modified_gmt":"2025-03-26T20:43:28","slug":"el-11-de-abril-feria-de-alimentos","status":"publish","type":"post","link":"https:\/\/emisoracolon.com.ar\/index.php\/2025\/03\/26\/el-11-de-abril-feria-de-alimentos\/","title":{"rendered":"El 11 de abril Feria de Alimentos"},"content":{"rendered":"\n<p>La Direcci\u00f3n de Producci\u00f3n y Empleo informa que el viernes 11 de abril de 8:30 a 14 se realizar\u00e1 una nueva Feria de Alimentos en Plaza San Mart\u00edn (alrededor del Patio del Artista). Como siempre, en el marco del programa \u201cMercados Bonaerenses\u201d, el cual tiene como objetivo promocionar la producci\u00f3n y el consumo de alimentos acercando a productores, productoras, consumidores y consumidoras a trav\u00e9s de una red de ferias y mercados en toda la provincia de Buenos Aires.<\/p>\n\n\n\n<p>Estar\u00e1n los camiones de l\u00e1cteos, embutidos y pescados.<\/p>\n\n\n\n<p>Convocan a productores de alimentos locales (harina agroecol\u00f3gica, frutos secos, condimentos y especias, dulces, miel, cerveza artesanal, conservas, alfajores, huevos, embutidos, verduras, etc) a inscribirse para dicha feria en nuestro distrito.<\/p>\n\n\n\n<p>Recuerdan que el Programa \u201cMercados Bonaerenses\u201d es impulsado desde Ministerio de Desarrollo Agrario de la Provincia de Buenos Aires y en forma conjunta con los municipios.<\/p>\n\n\n\n<p>Inscripci\u00f3n: a partir de hoy 26 de marzo y hasta el jueves 10 de abril, de 8:00 a 13:00 en la Direcci\u00f3n de Producci\u00f3n y Empleo (49 y 16).<\/p>\n","protected":false},"excerpt":{"rendered":"<p>La Direcci\u00f3n de Producci\u00f3n y Empleo informa que el viernes 11 de abril de 8:30 a 14 se realizar\u00e1 una nueva Feria de Alimentos en Plaza San Mart\u00edn (alrededor del Patio del&#8230;<\/p>\n","protected":false},"author":1,"featured_media":6177,"comment_status":"open","ping_status":"open","sticky":false,"template":"","format":"standard","meta":{"footnotes":""},"categories":[3],"tags":[],"class_list":["post-6191","post","type-post","status-publish","format-standard","has-post-thumbnail","hentry","category-general"],"_links":{"self":[{"href":"https:\/\/emisoracolon.com.ar\/index.php\/wp-json\/wp\/v2\/posts\/6191","targetHints":{"allow":["GET"]}}],"collection":[{"href":"https:\/\/emisoracolon.com.ar\/index.php\/wp-json\/wp\/v2\/posts"}],"about":[{"href":"https:\/\/emisoracolon.com.ar\/index.php\/wp-json\/wp\/v2\/types\/post"}],"author":[{"embeddable":true,"href":"https:\/\/emisoracolon.com.ar\/index.php\/wp-json\/wp\/v2\/users\/1"}],"replies":[{"embeddable":true,"href":"https:\/\/emisoracolon.com.ar\/index.php\/wp-json\/wp\/v2\/comments?post=6191"}],"version-history":[{"count":1,"href":"https:\/\/emisoracolon.com.ar\/index.php\/wp-json\/wp\/v2\/posts\/6191\/revisions"}],"predecessor-version":[{"id":6192,"href":"https:\/\/emisoracolon.com.ar\/index.php\/wp-json\/wp\/v2\/posts\/6191\/revisions\/6192"}],"wp:featuredmedia":[{"embeddable":true,"href":"https:\/\/emisoracolon.com.ar\/index.php\/wp-json\/wp\/v2\/media\/6177"}],"wp:attachment":[{"href":"https:\/\/emisoracolon.com.ar\/index.php\/wp-json\/wp\/v2\/media?parent=6191"}],"wp:term":[{"taxonomy":"category","embeddable":true,"href":"https:\/\/emisoracolon.com.ar\/index.php\/wp-json\/wp\/v2\/categories?post=6191"},{"taxonomy":"post_tag","embeddable":true,"href":"https:\/\/emisoracolon.com.ar\/index.php\/wp-json\/wp\/v2\/tags?post=6191"}],"curies":[{"name":"wp","href":"https:\/\/api.w.org\/{rel}","templated":true}]}}