{"id":6181,"date":"2025-03-26T17:37:52","date_gmt":"2025-03-26T20:37:52","guid":{"rendered":"https:\/\/emisoracolon.com.ar\/?p=6181"},"modified":"2025-03-26T17:37:52","modified_gmt":"2025-03-26T20:37:52","slug":"motochorros-colonenses","status":"publish","type":"post","link":"https:\/\/emisoracolon.com.ar\/index.php\/2025\/03\/26\/motochorros-colonenses\/","title":{"rendered":"Motochorros colonenses"},"content":{"rendered":"\n<p>Dos j\u00f3venes de la ciudad fueron detenidos, supuestamente implicados en una serie de robos cometidos bajo la modalidad de motochorros.<\/p>\n\n\n\n<p>Uno de ellos, de 23 a\u00f1os, fue aprehendido por la polic\u00eda cuando circulaba en una motocicleta Corven 110 cc de color negro sin patente en calle 49 entre 12 y 13. Lo acusaron que momentos antes hab\u00eda cometido dos il\u00edcitos en distintos puntos de la ciudad. De un kiosco en 50 y 20, sustrajo varios envoltorios de golosinas del mostrador. El otro episodio se registr\u00f3 en calle 45 y 19, donde un hombre de 70 a\u00f1os denunci\u00f3 el robo de una valija azul con pertenencias que se encontraba en el ba\u00fal abierto de su autom\u00f3vil.La polic\u00eda logr\u00f3 recuperar tanto la mercader\u00eda sustra\u00edda como la valija, que hab\u00eda sido descartada en un descampado en calle 60 entre 17 y 19.<\/p>\n\n\n\n<p>Esa misma noche se llev\u00f3 a cabo un allanamiento en su domicilio, donde la polic\u00eda secuestr\u00f3 un buzo negro con capucha y documentaci\u00f3n de la motocicleta utilizada en los hechos. En un domicilio, tras un allanamiento, otro joven de 19 a\u00f1os fue detenido y qued\u00f3 a disposici\u00f3n de la justicia. A \u00e9l llegaron tras el interrogatorio realizado al primer detenido.<\/p>\n","protected":false},"excerpt":{"rendered":"<p>Dos j\u00f3venes de la ciudad fueron detenidos, supuestamente implicados en una serie de robos cometidos bajo la modalidad de motochorros. Uno de ellos, de 23 a\u00f1os, fue aprehendido por la polic\u00eda cuando&#8230;<\/p>\n","protected":false},"author":1,"featured_media":4964,"comment_status":"open","ping_status":"open","sticky":false,"template":"","format":"standard","meta":{"footnotes":""},"categories":[3],"tags":[],"class_list":["post-6181","post","type-post","status-publish","format-standard","has-post-thumbnail","hentry","category-general"],"_links":{"self":[{"href":"https:\/\/emisoracolon.com.ar\/index.php\/wp-json\/wp\/v2\/posts\/6181","targetHints":{"allow":["GET"]}}],"collection":[{"href":"https:\/\/emisoracolon.com.ar\/index.php\/wp-json\/wp\/v2\/posts"}],"about":[{"href":"https:\/\/emisoracolon.com.ar\/index.php\/wp-json\/wp\/v2\/types\/post"}],"author":[{"embeddable":true,"href":"https:\/\/emisoracolon.com.ar\/index.php\/wp-json\/wp\/v2\/users\/1"}],"replies":[{"embeddable":true,"href":"https:\/\/emisoracolon.com.ar\/index.php\/wp-json\/wp\/v2\/comments?post=6181"}],"version-history":[{"count":1,"href":"https:\/\/emisoracolon.com.ar\/index.php\/wp-json\/wp\/v2\/posts\/6181\/revisions"}],"predecessor-version":[{"id":6182,"href":"https:\/\/emisoracolon.com.ar\/index.php\/wp-json\/wp\/v2\/posts\/6181\/revisions\/6182"}],"wp:featuredmedia":[{"embeddable":true,"href":"https:\/\/emisoracolon.com.ar\/index.php\/wp-json\/wp\/v2\/media\/4964"}],"wp:attachment":[{"href":"https:\/\/emisoracolon.com.ar\/index.php\/wp-json\/wp\/v2\/media?parent=6181"}],"wp:term":[{"taxonomy":"category","embeddable":true,"href":"https:\/\/emisoracolon.com.ar\/index.php\/wp-json\/wp\/v2\/categories?post=6181"},{"taxonomy":"post_tag","embeddable":true,"href":"https:\/\/emisoracolon.com.ar\/index.php\/wp-json\/wp\/v2\/tags?post=6181"}],"curies":[{"name":"wp","href":"https:\/\/api.w.org\/{rel}","templated":true}]}}