{"id":6162,"date":"2025-03-25T17:39:04","date_gmt":"2025-03-25T20:39:04","guid":{"rendered":"https:\/\/emisoracolon.com.ar\/?p=6162"},"modified":"2025-03-25T17:39:04","modified_gmt":"2025-03-25T20:39:04","slug":"asamblea-en-apine","status":"publish","type":"post","link":"https:\/\/emisoracolon.com.ar\/index.php\/2025\/03\/25\/asamblea-en-apine\/","title":{"rendered":"Asamblea en APINE"},"content":{"rendered":"\n<p>Convocan a Asamblea Extraordinaria a los socios y socias de la Asociaci\u00f3n Civil de Padres para la Integraci\u00f3n de Ni\u00f1os Especiales, (A.P.I.N.E) para el d\u00eda 10 de abril de 2025 a las 19:30, en primera convocatoria y a las 20:30 en segunda convocatoria, en la sede social de la entidad, en calle 49 entre 7 y 8 N\u00b0316, a los efectos de considerar el siguiente orden del d\u00eda:<\/p>\n\n\n\n<p>1) Elecci\u00f3n de dos asociados para firmar el acta de la asamblea.; 2) Consideraci\u00f3n de la renuncia de miembros de la Comisi\u00f3n Directiva; 3) Elecci\u00f3n de los cargos cesantes de Comisi\u00f3n Directiva conforme lo dispuesto por el estatuto de manera provisoria hasta finalizaci\u00f3n del mandato actual.<\/p>\n","protected":false},"excerpt":{"rendered":"<p>Convocan a Asamblea Extraordinaria a los socios y socias de la Asociaci\u00f3n Civil de Padres para la Integraci\u00f3n de Ni\u00f1os Especiales, (A.P.I.N.E) para el d\u00eda 10 de abril de 2025 a las&#8230;<\/p>\n","protected":false},"author":1,"featured_media":6163,"comment_status":"open","ping_status":"open","sticky":false,"template":"","format":"standard","meta":{"footnotes":""},"categories":[3],"tags":[],"class_list":["post-6162","post","type-post","status-publish","format-standard","has-post-thumbnail","hentry","category-general"],"_links":{"self":[{"href":"https:\/\/emisoracolon.com.ar\/index.php\/wp-json\/wp\/v2\/posts\/6162","targetHints":{"allow":["GET"]}}],"collection":[{"href":"https:\/\/emisoracolon.com.ar\/index.php\/wp-json\/wp\/v2\/posts"}],"about":[{"href":"https:\/\/emisoracolon.com.ar\/index.php\/wp-json\/wp\/v2\/types\/post"}],"author":[{"embeddable":true,"href":"https:\/\/emisoracolon.com.ar\/index.php\/wp-json\/wp\/v2\/users\/1"}],"replies":[{"embeddable":true,"href":"https:\/\/emisoracolon.com.ar\/index.php\/wp-json\/wp\/v2\/comments?post=6162"}],"version-history":[{"count":1,"href":"https:\/\/emisoracolon.com.ar\/index.php\/wp-json\/wp\/v2\/posts\/6162\/revisions"}],"predecessor-version":[{"id":6164,"href":"https:\/\/emisoracolon.com.ar\/index.php\/wp-json\/wp\/v2\/posts\/6162\/revisions\/6164"}],"wp:featuredmedia":[{"embeddable":true,"href":"https:\/\/emisoracolon.com.ar\/index.php\/wp-json\/wp\/v2\/media\/6163"}],"wp:attachment":[{"href":"https:\/\/emisoracolon.com.ar\/index.php\/wp-json\/wp\/v2\/media?parent=6162"}],"wp:term":[{"taxonomy":"category","embeddable":true,"href":"https:\/\/emisoracolon.com.ar\/index.php\/wp-json\/wp\/v2\/categories?post=6162"},{"taxonomy":"post_tag","embeddable":true,"href":"https:\/\/emisoracolon.com.ar\/index.php\/wp-json\/wp\/v2\/tags?post=6162"}],"curies":[{"name":"wp","href":"https:\/\/api.w.org\/{rel}","templated":true}]}}