{"id":6160,"date":"2025-03-25T17:37:37","date_gmt":"2025-03-25T20:37:37","guid":{"rendered":"https:\/\/emisoracolon.com.ar\/?p=6160"},"modified":"2025-03-25T17:37:37","modified_gmt":"2025-03-25T20:37:37","slug":"convocan-desde-el-cementerio-9","status":"publish","type":"post","link":"https:\/\/emisoracolon.com.ar\/index.php\/2025\/03\/25\/convocan-desde-el-cementerio-9\/","title":{"rendered":"Convocan desde el Cementerio"},"content":{"rendered":"\n<p>Desde la Direcci\u00f3n del Cementerio Municipal citan a personas f\u00edsicas o familiares de: Victoria Graciela Mac\u00edas, Miriam Luz Aillapi, Juan Cervigni, Angel Orfilio Romero, Olga Lelia Mora, Gustavo Carlos Derossi, Mirta Libertad Fern\u00e1ndez y Jorge Alberto Zaragoza Barcos.<\/p>\n\n\n\n<p>Presentarse en la oficina de dicha dependencia, en planta alta del municipio. Lunes a viernes de 7:00 a 14:00.<\/p>\n","protected":false},"excerpt":{"rendered":"<p>Desde la Direcci\u00f3n del Cementerio Municipal citan a personas f\u00edsicas o familiares de: Victoria Graciela Mac\u00edas, Miriam Luz Aillapi, Juan Cervigni, Angel Orfilio Romero, Olga Lelia Mora, Gustavo Carlos Derossi, Mirta Libertad&#8230;<\/p>\n","protected":false},"author":1,"featured_media":4560,"comment_status":"open","ping_status":"open","sticky":false,"template":"","format":"standard","meta":{"footnotes":""},"categories":[3],"tags":[],"class_list":["post-6160","post","type-post","status-publish","format-standard","has-post-thumbnail","hentry","category-general"],"_links":{"self":[{"href":"https:\/\/emisoracolon.com.ar\/index.php\/wp-json\/wp\/v2\/posts\/6160","targetHints":{"allow":["GET"]}}],"collection":[{"href":"https:\/\/emisoracolon.com.ar\/index.php\/wp-json\/wp\/v2\/posts"}],"about":[{"href":"https:\/\/emisoracolon.com.ar\/index.php\/wp-json\/wp\/v2\/types\/post"}],"author":[{"embeddable":true,"href":"https:\/\/emisoracolon.com.ar\/index.php\/wp-json\/wp\/v2\/users\/1"}],"replies":[{"embeddable":true,"href":"https:\/\/emisoracolon.com.ar\/index.php\/wp-json\/wp\/v2\/comments?post=6160"}],"version-history":[{"count":1,"href":"https:\/\/emisoracolon.com.ar\/index.php\/wp-json\/wp\/v2\/posts\/6160\/revisions"}],"predecessor-version":[{"id":6161,"href":"https:\/\/emisoracolon.com.ar\/index.php\/wp-json\/wp\/v2\/posts\/6160\/revisions\/6161"}],"wp:featuredmedia":[{"embeddable":true,"href":"https:\/\/emisoracolon.com.ar\/index.php\/wp-json\/wp\/v2\/media\/4560"}],"wp:attachment":[{"href":"https:\/\/emisoracolon.com.ar\/index.php\/wp-json\/wp\/v2\/media?parent=6160"}],"wp:term":[{"taxonomy":"category","embeddable":true,"href":"https:\/\/emisoracolon.com.ar\/index.php\/wp-json\/wp\/v2\/categories?post=6160"},{"taxonomy":"post_tag","embeddable":true,"href":"https:\/\/emisoracolon.com.ar\/index.php\/wp-json\/wp\/v2\/tags?post=6160"}],"curies":[{"name":"wp","href":"https:\/\/api.w.org\/{rel}","templated":true}]}}