{"id":6157,"date":"2025-03-25T17:36:42","date_gmt":"2025-03-25T20:36:42","guid":{"rendered":"https:\/\/emisoracolon.com.ar\/?p=6157"},"modified":"2025-03-25T17:36:42","modified_gmt":"2025-03-25T20:36:42","slug":"provincia-microcreditos-charla-para-emprendedores-2","status":"publish","type":"post","link":"https:\/\/emisoracolon.com.ar\/index.php\/2025\/03\/25\/provincia-microcreditos-charla-para-emprendedores-2\/","title":{"rendered":"Provincia Microcr\u00e9ditos: Charla para emprendedores"},"content":{"rendered":"\n<p>La Direcci\u00f3n de Producci\u00f3n y Empleo de la Municipalidad invita a la charla informativa sobre los cr\u00e9ditos subsidiados destinados a trabajadoras y trabajadores independientes de la Provincia de Buenos Aires, que realicen una actividad productiva, comercial o de servicio, y cuyo destino sea la Inversi\u00f3n Productiva o Capital de Trabajo, para fortalecer el emprendimiento.<\/p>\n\n\n\n<p>Ser\u00e1 el martes 1\u00b0 de Abril a las 13:00 en el Polo Cultural. Se realizar\u00e1 una pre-inscripci\u00f3n, por lo que los interesados deben concurrir a la Direcci\u00f3n de Producci\u00f3n y Empleo (49 y 16) de lunes a viernes de 8:00 a 13:00.<\/p>\n","protected":false},"excerpt":{"rendered":"<p>La Direcci\u00f3n de Producci\u00f3n y Empleo de la Municipalidad invita a la charla informativa sobre los cr\u00e9ditos subsidiados destinados a trabajadoras y trabajadores independientes de la Provincia de Buenos Aires, que realicen&#8230;<\/p>\n","protected":false},"author":1,"featured_media":6158,"comment_status":"open","ping_status":"open","sticky":false,"template":"","format":"standard","meta":{"footnotes":""},"categories":[3],"tags":[],"class_list":["post-6157","post","type-post","status-publish","format-standard","has-post-thumbnail","hentry","category-general"],"_links":{"self":[{"href":"https:\/\/emisoracolon.com.ar\/index.php\/wp-json\/wp\/v2\/posts\/6157","targetHints":{"allow":["GET"]}}],"collection":[{"href":"https:\/\/emisoracolon.com.ar\/index.php\/wp-json\/wp\/v2\/posts"}],"about":[{"href":"https:\/\/emisoracolon.com.ar\/index.php\/wp-json\/wp\/v2\/types\/post"}],"author":[{"embeddable":true,"href":"https:\/\/emisoracolon.com.ar\/index.php\/wp-json\/wp\/v2\/users\/1"}],"replies":[{"embeddable":true,"href":"https:\/\/emisoracolon.com.ar\/index.php\/wp-json\/wp\/v2\/comments?post=6157"}],"version-history":[{"count":1,"href":"https:\/\/emisoracolon.com.ar\/index.php\/wp-json\/wp\/v2\/posts\/6157\/revisions"}],"predecessor-version":[{"id":6159,"href":"https:\/\/emisoracolon.com.ar\/index.php\/wp-json\/wp\/v2\/posts\/6157\/revisions\/6159"}],"wp:featuredmedia":[{"embeddable":true,"href":"https:\/\/emisoracolon.com.ar\/index.php\/wp-json\/wp\/v2\/media\/6158"}],"wp:attachment":[{"href":"https:\/\/emisoracolon.com.ar\/index.php\/wp-json\/wp\/v2\/media?parent=6157"}],"wp:term":[{"taxonomy":"category","embeddable":true,"href":"https:\/\/emisoracolon.com.ar\/index.php\/wp-json\/wp\/v2\/categories?post=6157"},{"taxonomy":"post_tag","embeddable":true,"href":"https:\/\/emisoracolon.com.ar\/index.php\/wp-json\/wp\/v2\/tags?post=6157"}],"curies":[{"name":"wp","href":"https:\/\/api.w.org\/{rel}","templated":true}]}}