{"id":6155,"date":"2025-03-25T17:36:08","date_gmt":"2025-03-25T20:36:08","guid":{"rendered":"https:\/\/emisoracolon.com.ar\/?p=6155"},"modified":"2025-03-25T17:36:08","modified_gmt":"2025-03-25T20:36:08","slug":"elementos-escolares-para-modalidad-especial","status":"publish","type":"post","link":"https:\/\/emisoracolon.com.ar\/index.php\/2025\/03\/25\/elementos-escolares-para-modalidad-especial\/","title":{"rendered":"Elementos escolares para Modalidad Especial"},"content":{"rendered":"\n<p>Sebasti\u00e1n Urquiza, director de la Modalidad Educaci\u00f3n Especial entreg\u00f3 kits escolares en la ciudad, De la ceremonia participaron autoridades del Municipio.<\/p>\n\n\n\n<p>Fue por la tarde en las instalaciones de la Escuela Especial en la que el Director de la Modalidad de Educaci\u00f3n Especial junto al Inspector de la Regi\u00f3n 13, Federico Castellano y la inspectora distrital, Vanina Villavicencio entregaron mochilas con \u00fatiles escolares para estudiantes de las distintas instituciones de la modalidad en Col\u00f3n. Estuvo el intendente municipal Waldemar Giordano y otros funcionarios.<\/p>\n","protected":false},"excerpt":{"rendered":"<p>Sebasti\u00e1n Urquiza, director de la Modalidad Educaci\u00f3n Especial entreg\u00f3 kits escolares en la ciudad, De la ceremonia participaron autoridades del Municipio. Fue por la tarde en las instalaciones de la Escuela Especial&#8230;<\/p>\n","protected":false},"author":1,"featured_media":6152,"comment_status":"open","ping_status":"open","sticky":false,"template":"","format":"standard","meta":{"footnotes":""},"categories":[3],"tags":[],"class_list":["post-6155","post","type-post","status-publish","format-standard","has-post-thumbnail","hentry","category-general"],"_links":{"self":[{"href":"https:\/\/emisoracolon.com.ar\/index.php\/wp-json\/wp\/v2\/posts\/6155","targetHints":{"allow":["GET"]}}],"collection":[{"href":"https:\/\/emisoracolon.com.ar\/index.php\/wp-json\/wp\/v2\/posts"}],"about":[{"href":"https:\/\/emisoracolon.com.ar\/index.php\/wp-json\/wp\/v2\/types\/post"}],"author":[{"embeddable":true,"href":"https:\/\/emisoracolon.com.ar\/index.php\/wp-json\/wp\/v2\/users\/1"}],"replies":[{"embeddable":true,"href":"https:\/\/emisoracolon.com.ar\/index.php\/wp-json\/wp\/v2\/comments?post=6155"}],"version-history":[{"count":1,"href":"https:\/\/emisoracolon.com.ar\/index.php\/wp-json\/wp\/v2\/posts\/6155\/revisions"}],"predecessor-version":[{"id":6156,"href":"https:\/\/emisoracolon.com.ar\/index.php\/wp-json\/wp\/v2\/posts\/6155\/revisions\/6156"}],"wp:featuredmedia":[{"embeddable":true,"href":"https:\/\/emisoracolon.com.ar\/index.php\/wp-json\/wp\/v2\/media\/6152"}],"wp:attachment":[{"href":"https:\/\/emisoracolon.com.ar\/index.php\/wp-json\/wp\/v2\/media?parent=6155"}],"wp:term":[{"taxonomy":"category","embeddable":true,"href":"https:\/\/emisoracolon.com.ar\/index.php\/wp-json\/wp\/v2\/categories?post=6155"},{"taxonomy":"post_tag","embeddable":true,"href":"https:\/\/emisoracolon.com.ar\/index.php\/wp-json\/wp\/v2\/tags?post=6155"}],"curies":[{"name":"wp","href":"https:\/\/api.w.org\/{rel}","templated":true}]}}