{"id":6150,"date":"2025-03-25T17:35:49","date_gmt":"2025-03-25T20:35:49","guid":{"rendered":"https:\/\/emisoracolon.com.ar\/?p=6150"},"modified":"2025-03-25T17:35:49","modified_gmt":"2025-03-25T20:35:49","slug":"parciales-festejos-de-carnaval","status":"publish","type":"post","link":"https:\/\/emisoracolon.com.ar\/index.php\/2025\/03\/25\/parciales-festejos-de-carnaval\/","title":{"rendered":"Parciales festejos de carnaval"},"content":{"rendered":"\n<p>El s\u00e1bado no pudo llevarse a cabo el festejo final de carnaval que estaba previsto para esa noche en bulevar 42 entre 9 y 11. En un video, funcionarios municipales comunicaron que la postergaci\u00f3n se justificaba por las malas condiciones del piso del predio del Polo Cultural e inclusive de la calle en donde se ubica el p\u00fablico.<\/p>\n\n\n\n<p>En la noche anterior en El Arbolito se pudo conmemorar el carnaval. En el and\u00e9n de la estaci\u00f3n se dio cita buena parte de los habitantes de la localidad, m\u00e1s muchos colonenses que viajaron para participar del espect\u00e1culo. Comenz\u00f3 con el paso de La Carnavalera y cerr\u00f3 Colomb\u00e1. Luego fue el turno de la m\u00fasica. Hasta que lleg\u00f3 la tormenta. Habr\u00e1 que esperar alg\u00fan anuncio oficial, pero tal vez, la noche en la localidad del Partido pudo haber marcado el cierre de los carnavales, que, lamentablemente, estuvieron atravesados por las condiciones del tiempo.<\/p>\n","protected":false},"excerpt":{"rendered":"<p>El s\u00e1bado no pudo llevarse a cabo el festejo final de carnaval que estaba previsto para esa noche en bulevar 42 entre 9 y 11. En un video, funcionarios municipales comunicaron que&#8230;<\/p>\n","protected":false},"author":1,"featured_media":6151,"comment_status":"open","ping_status":"open","sticky":false,"template":"","format":"standard","meta":{"footnotes":""},"categories":[7,3],"tags":[],"class_list":["post-6150","post","type-post","status-publish","format-standard","has-post-thumbnail","hentry","category-cultura","category-general"],"_links":{"self":[{"href":"https:\/\/emisoracolon.com.ar\/index.php\/wp-json\/wp\/v2\/posts\/6150","targetHints":{"allow":["GET"]}}],"collection":[{"href":"https:\/\/emisoracolon.com.ar\/index.php\/wp-json\/wp\/v2\/posts"}],"about":[{"href":"https:\/\/emisoracolon.com.ar\/index.php\/wp-json\/wp\/v2\/types\/post"}],"author":[{"embeddable":true,"href":"https:\/\/emisoracolon.com.ar\/index.php\/wp-json\/wp\/v2\/users\/1"}],"replies":[{"embeddable":true,"href":"https:\/\/emisoracolon.com.ar\/index.php\/wp-json\/wp\/v2\/comments?post=6150"}],"version-history":[{"count":1,"href":"https:\/\/emisoracolon.com.ar\/index.php\/wp-json\/wp\/v2\/posts\/6150\/revisions"}],"predecessor-version":[{"id":6154,"href":"https:\/\/emisoracolon.com.ar\/index.php\/wp-json\/wp\/v2\/posts\/6150\/revisions\/6154"}],"wp:featuredmedia":[{"embeddable":true,"href":"https:\/\/emisoracolon.com.ar\/index.php\/wp-json\/wp\/v2\/media\/6151"}],"wp:attachment":[{"href":"https:\/\/emisoracolon.com.ar\/index.php\/wp-json\/wp\/v2\/media?parent=6150"}],"wp:term":[{"taxonomy":"category","embeddable":true,"href":"https:\/\/emisoracolon.com.ar\/index.php\/wp-json\/wp\/v2\/categories?post=6150"},{"taxonomy":"post_tag","embeddable":true,"href":"https:\/\/emisoracolon.com.ar\/index.php\/wp-json\/wp\/v2\/tags?post=6150"}],"curies":[{"name":"wp","href":"https:\/\/api.w.org\/{rel}","templated":true}]}}