{"id":6147,"date":"2025-03-25T16:59:04","date_gmt":"2025-03-25T19:59:04","guid":{"rendered":"https:\/\/emisoracolon.com.ar\/?p=6147"},"modified":"2025-03-25T17:40:19","modified_gmt":"2025-03-25T20:40:19","slug":"dia-nacional-de-la-memoria","status":"publish","type":"post","link":"https:\/\/emisoracolon.com.ar\/index.php\/2025\/03\/25\/dia-nacional-de-la-memoria\/","title":{"rendered":"D\u00eda Nacional de la Memoria"},"content":{"rendered":"\n<p>Cada 24 de marzo se conmemora en nuestro pa\u00eds el D\u00eda Nacional de la Memoria por la Verdad y la Justicia, fecha establecida en el a\u00f1o 2002 por la Ley N\u00b0 25.633 para conmemorar a quienes resultaron v\u00edctimas de la \u00faltima dictadura militar, que comenz\u00f3 el 24 de marzo de 1976 y finaliz\u00f3 el 10 de diciembre de 1983, con la vuelta a la democracia.<\/p>\n\n\n\n<p>En la Plaza de Mayo y en ciudades de todo el pa\u00eds la fecha cont\u00f3 con la participaci\u00f3n de multitudes que reafirmaron la consigna, por la Memoria, la Verdad y la Justicia. El intendente, Waldemar Giordano, el diputada provincial, Fernanda D\u00edaz estuvieron en Plaza de Mayo y publicaron una foto con M\u00e1ximo Kirchner, en la que se ve a Giordano con una remera de La C\u00e1mpora. Se dijo que estaban acompa\u00f1ados por otros militantes locales.<\/p>\n\n\n\n<p>En nuestro medio, a las 10:30 un grupo de vecinos estuvo en la plaza, en el Monumento que recuerda a los desaparecidos por la dictadura militar depositando una ofrenda floral. De esa manera Ciudadanos Colonenses Agrupados dijeron Nunca M\u00e1s.<\/p>\n\n\n\n<p><strong>25\/03\/25 &#8211; Sesi\u00f3n para conmemorar<\/strong><\/p>\n\n\n\n<p>Hoy a las 19:30 en una sesi\u00f3n especial el Concejo Deliberante se ocupar\u00e1 de lo ocurrido con el \u00faltimo golpe militar en la Argentina. Ser\u00e1 la primera sesi\u00f3n extraordinaria del a\u00f1o y la convocatoria es en conmemoraci\u00f3n del golpe de estado del a\u00f1o 1976 y de reafirmaci\u00f3n de la Democracia, los Derechos Humanos,<\/p>\n\n\n\n<p>de repudio al terrorismo de Estado y a toda forma de discriminaci\u00f3n por cualquier motivo.<\/p>\n\n\n\n<p><strong>25\/03\/25 \u2013 Acto oficial en Monse\u00f1or<\/strong><\/p>\n\n\n\n<p>El Instituto Monse\u00f1or Miguel de Andrea fue el escenario donde se realiz\u00f3 el acto oficial por el D\u00eda de la Memoria, por la Verdad y la Justicia.<\/p>\n\n\n\n<p>El acto estuvo cargado de emoci\u00f3n, principalmente por el testimonio de las docentes Mar\u00eda Luc\u00eda Montagna y Mar\u00eda Ester Floridi, quienes brindaron con una profundidad \u00fanica su inquebrantable compromiso con la defensa de los derechos humanos. En un contexto donde, lamentablemente, a\u00fan persisten intentos de reabrir debates sobre lo que ya fue juzgado y condenado por nuestra historia, sus voces resuenan como un recordatorio esencial de que la memoria, la justicia y la verdad son pilares que debemos proteger y defender.<\/p>\n\n\n\n<p>Hoy, m\u00e1s que nunca, celebramos el compromiso con el \u201cNunca M\u00e1s\u201d.<\/p>\n\n\n\n<p><strong>25\/03\/25 \u2013 Parciales festejos de carnav<\/strong>al<\/p>\n\n\n\n<p>El s\u00e1bado no pudo llevarse a cabo el festejo final de carnaval que estaba previsto para esa noche en bulevar 42 entre 9 y 11. En un video, funcionarios municipales comunicaron que la postergaci\u00f3n se justificaba por las malas condiciones del piso del predio del Polo Cultural e inclusive de la calle en donde se ubica el p\u00fablico.<\/p>\n\n\n\n<p>En la noche anterior en El Arbolito se pudo conmemorar el carnaval. En el and\u00e9n de la estaci\u00f3n se dio cita buena parte de los habitantes de la localidad, m\u00e1s muchos colonenses que viajaron para participar del espect\u00e1culo. Comenz\u00f3 con el paso de La Carnavalera y cerr\u00f3 Colomb\u00e1. Luego fue el turno de la m\u00fasica. Hasta que lleg\u00f3 la tormenta. Habr\u00e1 que esperar alg\u00fan anuncio oficial, pero tal vez, la noche en la localidad del Partido pudo haber marcado el cierre de los carnavales, que, lamentablemente, estuvieron atravesados por las condiciones del tiempo.<\/p>\n","protected":false},"excerpt":{"rendered":"<p>Cada 24 de marzo se conmemora en nuestro pa\u00eds el D\u00eda Nacional de la Memoria por la Verdad y la Justicia, fecha establecida en el a\u00f1o 2002 por la Ley N\u00b0 25.633&#8230;<\/p>\n","protected":false},"author":1,"featured_media":6153,"comment_status":"open","ping_status":"open","sticky":false,"template":"","format":"standard","meta":{"footnotes":""},"categories":[3],"tags":[],"class_list":["post-6147","post","type-post","status-publish","format-standard","has-post-thumbnail","hentry","category-general"],"_links":{"self":[{"href":"https:\/\/emisoracolon.com.ar\/index.php\/wp-json\/wp\/v2\/posts\/6147","targetHints":{"allow":["GET"]}}],"collection":[{"href":"https:\/\/emisoracolon.com.ar\/index.php\/wp-json\/wp\/v2\/posts"}],"about":[{"href":"https:\/\/emisoracolon.com.ar\/index.php\/wp-json\/wp\/v2\/types\/post"}],"author":[{"embeddable":true,"href":"https:\/\/emisoracolon.com.ar\/index.php\/wp-json\/wp\/v2\/users\/1"}],"replies":[{"embeddable":true,"href":"https:\/\/emisoracolon.com.ar\/index.php\/wp-json\/wp\/v2\/comments?post=6147"}],"version-history":[{"count":1,"href":"https:\/\/emisoracolon.com.ar\/index.php\/wp-json\/wp\/v2\/posts\/6147\/revisions"}],"predecessor-version":[{"id":6149,"href":"https:\/\/emisoracolon.com.ar\/index.php\/wp-json\/wp\/v2\/posts\/6147\/revisions\/6149"}],"wp:featuredmedia":[{"embeddable":true,"href":"https:\/\/emisoracolon.com.ar\/index.php\/wp-json\/wp\/v2\/media\/6153"}],"wp:attachment":[{"href":"https:\/\/emisoracolon.com.ar\/index.php\/wp-json\/wp\/v2\/media?parent=6147"}],"wp:term":[{"taxonomy":"category","embeddable":true,"href":"https:\/\/emisoracolon.com.ar\/index.php\/wp-json\/wp\/v2\/categories?post=6147"},{"taxonomy":"post_tag","embeddable":true,"href":"https:\/\/emisoracolon.com.ar\/index.php\/wp-json\/wp\/v2\/tags?post=6147"}],"curies":[{"name":"wp","href":"https:\/\/api.w.org\/{rel}","templated":true}]}}