{"id":5845,"date":"2025-02-27T16:58:22","date_gmt":"2025-02-27T19:58:22","guid":{"rendered":"https:\/\/emisoracolon.com.ar\/?p=5845"},"modified":"2025-02-27T16:58:22","modified_gmt":"2025-02-27T19:58:22","slug":"tres-convenios-firmados-con-la-provincia","status":"publish","type":"post","link":"https:\/\/emisoracolon.com.ar\/index.php\/2025\/02\/27\/tres-convenios-firmados-con-la-provincia\/","title":{"rendered":"Tres convenios firmados con la Provincia"},"content":{"rendered":"\n<p>Los convenios con el Organismo Provincial de la Ni\u00f1ez y Adolescencia de la Provincia de Buenos Aires y el Municipio de Col\u00f3n fueron aprobados por unanimidad en la tercera sesi\u00f3n.<\/p>\n\n\n\n<p>Las caracter\u00edsticas fueron expuestas por la concejal Roc\u00edo Mart\u00ednez:<\/p>\n\n\n\n<p>&#8220;Se trata de tres convenios desarrollados entre el Ministerio de Desarrollo de la Comunidad de la Provincia de Buenos Aires, el Gobierno de la Provincia de Buenos Aires y el municipio. Todos tienen un mismo objetivo: la promoci\u00f3n y protecci\u00f3n de los derechos de ni\u00f1os, ni\u00f1as y adolescentes, con un enfoque en la equidad, la inclusi\u00f3n social y el desarrollo integral\u201d.<\/p>\n\n\n\n<p>En primer lugar describi\u00f3, \u201cel convenio de cooperaci\u00f3n por las Unidades de Desarrollo Infantil con los municipios tiene una duraci\u00f3n de 24 meses, desde el 1 de enero de 2025. A trav\u00e9s de este acuerdo, el municipio recibir\u00e1 subvenciones mensuales para la atenci\u00f3n de 21 ni\u00f1os de entre 45 d\u00edas y 5 a\u00f1os, y de 74 ni\u00f1os y ni\u00f1as de entre 6 y 14 a\u00f1os. Estos fondos fortalecer\u00e1n el desarrollo y la atenci\u00f3n brindada en las Casas de la Infancia, el Centro de D\u00eda y el Jard\u00edn Personitas, garantizando una respuesta integral a las necesidades de las familias en situaci\u00f3n de vulnerabilidad social\u201d.<\/p>\n\n\n\n<p>En cuanto al segundo convenio, con el Organismo Provincial de Ni\u00f1ez y Adolescencia, tambi\u00e9n dependiente del Ministerio de Desarrollo de la Comunidad, dijo, \u201ctiene una duraci\u00f3n de 12 meses y est\u00e1 destinado al programa de Operadores de Calle. Este programa, que se implementa desde el a\u00f1o pasado, busca desarrollar acciones en el territorio mediante el Servicio Local, con la intervenci\u00f3n de diversos profesionales que trabajan en conjunto con familias en situaci\u00f3n de vulnerabilidad. Se otorgar\u00e1n 30 becas para la contrataci\u00f3n de profesionales que brindar\u00e1n atenci\u00f3n directa en el territorio\u201d.<\/p>\n\n\n\n<p>Por \u00faltimo, el tercer acuerdo es un acta de cooperaci\u00f3n para el Programa de Fortalecimiento Comunitario para la Inclusi\u00f3n de Ni\u00f1os, Ni\u00f1as y Adolescentes. Rocio dijo, \u201ceste convenio asigna subsidios para sostener el programa Sonriendo y el Taller de Carpinter\u00eda. Es importante destacar que este ser\u00e1 el primer a\u00f1o en que el programa Sonriendo contar\u00e1 con un convenio con la Provincia de Buenos Aires. Este programa, impulsado por el municipio desde hace a\u00f1os, brinda atenci\u00f3n directa a ni\u00f1os y ni\u00f1as en situaci\u00f3n de vulnerabilidad social. Por su parte, el Taller de Carpinter\u00eda es un dispositivo sociolaboral que ofrece formaci\u00f3n a adolescentes, permiti\u00e9ndoles desarrollar nuevas perspectivas y proyectos de vida\u201d.<\/p>\n\n\n\n<p>Explic\u00f3, \u201cEl Taller de Carpinter\u00eda trabaja en articulaci\u00f3n con el programa Envi\u00f3n, el Centro Comunitario de Salud Mental y la comunidad en general. Lvincial de la Ni\u00f1ez y Adolescencia de la Provincia de Buenos Aires y el Municipio de Col\u00f3n fueron aprobados por unanimidad en la tercera sesi\u00f3n\u201d.<\/p>\n\n\n\n<p>Finalmente reflexion\u00f3, \u201cCada uno de estos convenios se fundamenta en proyectos espec\u00edficos dise\u00f1ados por los t\u00e9cnicos municipales, con una visi\u00f3n local y territorial. Es esencial seguir fortaleciendo esta red de contenci\u00f3n y garantizar la sostenibilidad de estos programas a trav\u00e9s de recursos. En este sentido, el apoyo del Gobierno de la Provincia es clave para el mantenimiento y la expansi\u00f3n de estos trabajos comunitarios en nuestro territorio.&#8221;<\/p>\n\n\n\n<p>La continuidad de estos programas es fundamental para fortalecer la inclusi\u00f3n y el desarrollo integral de ni\u00f1os, ni\u00f1as y adolescentes, con un enfoque territorial, por eso fue aprobado por unanimidad de todos los concejales.<\/p>\n","protected":false},"excerpt":{"rendered":"<p>Los convenios con el Organismo Provincial de la Ni\u00f1ez y Adolescencia de la Provincia de Buenos Aires y el Municipio de Col\u00f3n fueron aprobados por unanimidad en la tercera sesi\u00f3n. Las caracter\u00edsticas&#8230;<\/p>\n","protected":false},"author":1,"featured_media":5846,"comment_status":"open","ping_status":"open","sticky":false,"template":"","format":"standard","meta":{"footnotes":""},"categories":[3],"tags":[],"class_list":["post-5845","post","type-post","status-publish","format-standard","has-post-thumbnail","hentry","category-general"],"_links":{"self":[{"href":"https:\/\/emisoracolon.com.ar\/index.php\/wp-json\/wp\/v2\/posts\/5845","targetHints":{"allow":["GET"]}}],"collection":[{"href":"https:\/\/emisoracolon.com.ar\/index.php\/wp-json\/wp\/v2\/posts"}],"about":[{"href":"https:\/\/emisoracolon.com.ar\/index.php\/wp-json\/wp\/v2\/types\/post"}],"author":[{"embeddable":true,"href":"https:\/\/emisoracolon.com.ar\/index.php\/wp-json\/wp\/v2\/users\/1"}],"replies":[{"embeddable":true,"href":"https:\/\/emisoracolon.com.ar\/index.php\/wp-json\/wp\/v2\/comments?post=5845"}],"version-history":[{"count":1,"href":"https:\/\/emisoracolon.com.ar\/index.php\/wp-json\/wp\/v2\/posts\/5845\/revisions"}],"predecessor-version":[{"id":5847,"href":"https:\/\/emisoracolon.com.ar\/index.php\/wp-json\/wp\/v2\/posts\/5845\/revisions\/5847"}],"wp:featuredmedia":[{"embeddable":true,"href":"https:\/\/emisoracolon.com.ar\/index.php\/wp-json\/wp\/v2\/media\/5846"}],"wp:attachment":[{"href":"https:\/\/emisoracolon.com.ar\/index.php\/wp-json\/wp\/v2\/media?parent=5845"}],"wp:term":[{"taxonomy":"category","embeddable":true,"href":"https:\/\/emisoracolon.com.ar\/index.php\/wp-json\/wp\/v2\/categories?post=5845"},{"taxonomy":"post_tag","embeddable":true,"href":"https:\/\/emisoracolon.com.ar\/index.php\/wp-json\/wp\/v2\/tags?post=5845"}],"curies":[{"name":"wp","href":"https:\/\/api.w.org\/{rel}","templated":true}]}}