{"id":580,"date":"2024-04-22T18:19:19","date_gmt":"2024-04-22T21:19:19","guid":{"rendered":"https:\/\/emisoracolon.com.ar\/?p=580"},"modified":"2024-04-22T18:19:19","modified_gmt":"2024-04-22T21:19:19","slug":"reclamaran-por-las-universidades","status":"publish","type":"post","link":"https:\/\/emisoracolon.com.ar\/index.php\/2024\/04\/22\/reclamaran-por-las-universidades\/","title":{"rendered":"Reclamar\u00e1n por las universidades"},"content":{"rendered":"\n<p>Las universidades p\u00fablicas de todo el pa\u00eds convocan, para ma\u00f1ana, a una marcha para reclamar por la situaci\u00f3n cr\u00edtica que atraviesan muchas de las casas de altos estudios y para pedir que se actualicen por inflaci\u00f3n los salarios y el presupuesto destinado para la formaci\u00f3n acad\u00e9mica de miles de estudiantes.<\/p>\n\n\n\n<p>Los docentes, alumnos y comunidad directiva de las universidades p\u00fablicas de todo el territorio nacional formar\u00e1n parte de la movilizaci\u00f3n que tendr\u00e1 distintos puntos de encuentro, seg\u00fan la jurisdicci\u00f3n. En nuestro medio convocan a manifestarse a las 18:30 en 49 y 17, Patio del Artista, recomendando que concurran con un libro.<\/p>\n\n\n\n<p><strong>La concentraci\u00f3n principal se llevar\u00e1 a cabo a partir de las 15:30 en el Congreso Nacional.<\/strong><\/p>\n\n\n\n<p><strong>Desde all\u00ed se trasladar\u00e1n hacia Plaza de Mayo donde, a las 18:00, se leer\u00e1 un documento redactado en conjunto frente a la Casa Rosada.<\/strong><\/p>\n\n\n\n<p>La marcha universitaria tiene como finalidad expresar de manera masiva el rechazo a los recortes presupuestarios a las universidades p\u00fablicas y el descontento ante algunas medidas del Gobierno que van en contra de la inversi\u00f3n cient\u00edfica, en tecnolog\u00eda y educaci\u00f3n.<\/p>\n\n\n\n<p>El reclamo de toda la comunidad universitaria se centra, adem\u00e1s, en defender el acceso irrestricto a una educaci\u00f3n de calidad y en posicionar a la educaci\u00f3n superior como una pol\u00edtica estrat\u00e9gica de cualquier pa\u00eds que pretenda convertirse en referente del progreso y el conocimiento.<\/p>\n\n\n\n<p><\/p>\n","protected":false},"excerpt":{"rendered":"<p>Las universidades p\u00fablicas de todo el pa\u00eds convocan, para ma\u00f1ana, a una marcha para reclamar por la situaci\u00f3n cr\u00edtica que atraviesan muchas de las casas de altos estudios y para pedir que&#8230;<\/p>\n","protected":false},"author":2,"featured_media":581,"comment_status":"open","ping_status":"open","sticky":false,"template":"","format":"standard","meta":{"footnotes":""},"categories":[7,3,5,4],"tags":[],"class_list":["post-580","post","type-post","status-publish","format-standard","has-post-thumbnail","hentry","category-cultura","category-general","category-politica_local","category-politica_nacional"],"_links":{"self":[{"href":"https:\/\/emisoracolon.com.ar\/index.php\/wp-json\/wp\/v2\/posts\/580","targetHints":{"allow":["GET"]}}],"collection":[{"href":"https:\/\/emisoracolon.com.ar\/index.php\/wp-json\/wp\/v2\/posts"}],"about":[{"href":"https:\/\/emisoracolon.com.ar\/index.php\/wp-json\/wp\/v2\/types\/post"}],"author":[{"embeddable":true,"href":"https:\/\/emisoracolon.com.ar\/index.php\/wp-json\/wp\/v2\/users\/2"}],"replies":[{"embeddable":true,"href":"https:\/\/emisoracolon.com.ar\/index.php\/wp-json\/wp\/v2\/comments?post=580"}],"version-history":[{"count":1,"href":"https:\/\/emisoracolon.com.ar\/index.php\/wp-json\/wp\/v2\/posts\/580\/revisions"}],"predecessor-version":[{"id":582,"href":"https:\/\/emisoracolon.com.ar\/index.php\/wp-json\/wp\/v2\/posts\/580\/revisions\/582"}],"wp:featuredmedia":[{"embeddable":true,"href":"https:\/\/emisoracolon.com.ar\/index.php\/wp-json\/wp\/v2\/media\/581"}],"wp:attachment":[{"href":"https:\/\/emisoracolon.com.ar\/index.php\/wp-json\/wp\/v2\/media?parent=580"}],"wp:term":[{"taxonomy":"category","embeddable":true,"href":"https:\/\/emisoracolon.com.ar\/index.php\/wp-json\/wp\/v2\/categories?post=580"},{"taxonomy":"post_tag","embeddable":true,"href":"https:\/\/emisoracolon.com.ar\/index.php\/wp-json\/wp\/v2\/tags?post=580"}],"curies":[{"name":"wp","href":"https:\/\/api.w.org\/{rel}","templated":true}]}}