{"id":5424,"date":"2025-01-30T16:50:13","date_gmt":"2025-01-30T19:50:13","guid":{"rendered":"https:\/\/emisoracolon.com.ar\/?p=5424"},"modified":"2025-01-30T16:50:13","modified_gmt":"2025-01-30T19:50:13","slug":"uso-racional-de-medicamentos-3","status":"publish","type":"post","link":"https:\/\/emisoracolon.com.ar\/index.php\/2025\/01\/30\/uso-racional-de-medicamentos-3\/","title":{"rendered":"Uso racional de medicamentos"},"content":{"rendered":"\n<p>La Secretar\u00eda de Salud y el Colegio de Farmac\u00e9uticos de Col\u00f3n informaron que contin\u00faa la campa\u00f1a denominada \u201cUso Racional de los Medicamentos\u201d, con la intenci\u00f3n del cuidado de la salud y el ambiente.<\/p>\n\n\n\n<p>El proyecto est\u00e1 dise\u00f1ado para que la comunidad pueda acercar medicamentos vencidos o que no utiliza a la farmacia de su barrio (que estar\u00e1n identificadas con una calco), donde ser\u00e1n desechados en forma segura.<\/p>\n","protected":false},"excerpt":{"rendered":"<p>La Secretar\u00eda de Salud y el Colegio de Farmac\u00e9uticos de Col\u00f3n informaron que contin\u00faa la campa\u00f1a denominada \u201cUso Racional de los Medicamentos\u201d, con la intenci\u00f3n del cuidado de la salud y el&#8230;<\/p>\n","protected":false},"author":1,"featured_media":5222,"comment_status":"open","ping_status":"open","sticky":false,"template":"","format":"standard","meta":{"footnotes":""},"categories":[3],"tags":[],"class_list":["post-5424","post","type-post","status-publish","format-standard","has-post-thumbnail","hentry","category-general"],"_links":{"self":[{"href":"https:\/\/emisoracolon.com.ar\/index.php\/wp-json\/wp\/v2\/posts\/5424","targetHints":{"allow":["GET"]}}],"collection":[{"href":"https:\/\/emisoracolon.com.ar\/index.php\/wp-json\/wp\/v2\/posts"}],"about":[{"href":"https:\/\/emisoracolon.com.ar\/index.php\/wp-json\/wp\/v2\/types\/post"}],"author":[{"embeddable":true,"href":"https:\/\/emisoracolon.com.ar\/index.php\/wp-json\/wp\/v2\/users\/1"}],"replies":[{"embeddable":true,"href":"https:\/\/emisoracolon.com.ar\/index.php\/wp-json\/wp\/v2\/comments?post=5424"}],"version-history":[{"count":1,"href":"https:\/\/emisoracolon.com.ar\/index.php\/wp-json\/wp\/v2\/posts\/5424\/revisions"}],"predecessor-version":[{"id":5426,"href":"https:\/\/emisoracolon.com.ar\/index.php\/wp-json\/wp\/v2\/posts\/5424\/revisions\/5426"}],"wp:featuredmedia":[{"embeddable":true,"href":"https:\/\/emisoracolon.com.ar\/index.php\/wp-json\/wp\/v2\/media\/5222"}],"wp:attachment":[{"href":"https:\/\/emisoracolon.com.ar\/index.php\/wp-json\/wp\/v2\/media?parent=5424"}],"wp:term":[{"taxonomy":"category","embeddable":true,"href":"https:\/\/emisoracolon.com.ar\/index.php\/wp-json\/wp\/v2\/categories?post=5424"},{"taxonomy":"post_tag","embeddable":true,"href":"https:\/\/emisoracolon.com.ar\/index.php\/wp-json\/wp\/v2\/tags?post=5424"}],"curies":[{"name":"wp","href":"https:\/\/api.w.org\/{rel}","templated":true}]}}