{"id":5416,"date":"2025-01-30T16:44:48","date_gmt":"2025-01-30T19:44:48","guid":{"rendered":"https:\/\/emisoracolon.com.ar\/?p=5416"},"modified":"2025-01-30T16:44:48","modified_gmt":"2025-01-30T19:44:48","slug":"alerta-por-ola-de-calor-se-esperan-temperaturas-extremas","status":"publish","type":"post","link":"https:\/\/emisoracolon.com.ar\/index.php\/2025\/01\/30\/alerta-por-ola-de-calor-se-esperan-temperaturas-extremas\/","title":{"rendered":"Alerta por ola de calor: se esperan temperaturas extremas"},"content":{"rendered":"\n<p>El term\u00f3metro se recalienta y comenz\u00f3 una nueva ola de calor en 2025. De acuerdo con el Servicio Meteorol\u00f3gico Nacional (SMN), la regi\u00f3n se encuentra bajo alerta amarilla debido a temperaturas extremas.<\/p>\n\n\n\n<p>Si bien hoy la m\u00e1xima ya es elevada, alcanzando los 35\u00b0C, lo m\u00e1s preocupante es que el calor seguir\u00e1 intensific\u00e1ndose en los pr\u00f3ximos d\u00edas. Para el viernes y s\u00e1bado, se prev\u00e9 que las temperaturas se mantengan en torno a los 35\u00b0C. El domingo ser\u00e1 a\u00fan m\u00e1s sofocante, con una m\u00e1xima de 37\u00b0C. El lunes marcar\u00e1 un pico de calor con 39\u00b0C, una de las temperaturas m\u00e1s altas registradas en la ciudad, mientras que el martes se espera un leve descenso, alcanzando los 38\u00b0C. En los d\u00edas siguientes, se prev\u00e9 la rotaci\u00f3n del viento hacia el sur, lo que podr\u00eda traer un alivio progresivo.<\/p>\n\n\n\n<p>Ante esta situaci\u00f3n, es fundamental tomar precauciones para evitar golpes de calor y otros problemas de salud. Se recomienda:<\/p>\n\n\n\n<p>\u2022 Mantenerse bien hidratado, bebiendo agua en abundancia, aun sin sentir sed.<\/p>\n\n\n\n<p>\u2022 Evitar la exposici\u00f3n directa al sol en las horas de mayor temperatura (entre las 10 y las 17 horas).<\/p>\n\n\n\n<p>\u2022 Usar ropa liviana, de colores claros y telas frescas.<\/p>\n\n\n\n<p>\u2022 Aplicar protector solar y utilizar gorros o sombreros al salir.<\/p>\n\n\n\n<p>\u2022 Permanecer en lugares frescos y ventilados.<\/p>\n\n\n\n<p>\u2022 Evitar las comidas pesadas y consumir frutas y verduras frescas.<\/p>\n\n\n\n<p>\u2022 No realizar actividad f\u00edsica intensa bajo el sol.<\/p>\n\n\n\n<p>\u2022 Prestar especial atenci\u00f3n a ni\u00f1os, adultos mayores y personas con enfermedades cr\u00f3nicas, ya que son los m\u00e1s vulnerables al calor extremo.<\/p>\n\n\n\n<p>En caso de presentar s\u00edntomas como mareos, sed intensa, piel enrojecida, fiebre o p\u00e9rdida de conocimiento, se recomienda buscar atenci\u00f3n m\u00e9dica de inmediato.<\/p>\n\n\n\n<p>La ola de calor continuar\u00e1 afectando la regi\u00f3n durante varios d\u00edas, por lo que es importante estar atentos a las actualizaciones del SMN y seguir todas las recomendaciones para proteger la salud.<\/p>\n","protected":false},"excerpt":{"rendered":"<p>El term\u00f3metro se recalienta y comenz\u00f3 una nueva ola de calor en 2025. De acuerdo con el Servicio Meteorol\u00f3gico Nacional (SMN), la regi\u00f3n se encuentra bajo alerta amarilla debido a temperaturas extremas&#8230;.<\/p>\n","protected":false},"author":1,"featured_media":5417,"comment_status":"open","ping_status":"open","sticky":false,"template":"","format":"standard","meta":{"footnotes":""},"categories":[3],"tags":[],"class_list":["post-5416","post","type-post","status-publish","format-standard","has-post-thumbnail","hentry","category-general"],"_links":{"self":[{"href":"https:\/\/emisoracolon.com.ar\/index.php\/wp-json\/wp\/v2\/posts\/5416","targetHints":{"allow":["GET"]}}],"collection":[{"href":"https:\/\/emisoracolon.com.ar\/index.php\/wp-json\/wp\/v2\/posts"}],"about":[{"href":"https:\/\/emisoracolon.com.ar\/index.php\/wp-json\/wp\/v2\/types\/post"}],"author":[{"embeddable":true,"href":"https:\/\/emisoracolon.com.ar\/index.php\/wp-json\/wp\/v2\/users\/1"}],"replies":[{"embeddable":true,"href":"https:\/\/emisoracolon.com.ar\/index.php\/wp-json\/wp\/v2\/comments?post=5416"}],"version-history":[{"count":1,"href":"https:\/\/emisoracolon.com.ar\/index.php\/wp-json\/wp\/v2\/posts\/5416\/revisions"}],"predecessor-version":[{"id":5418,"href":"https:\/\/emisoracolon.com.ar\/index.php\/wp-json\/wp\/v2\/posts\/5416\/revisions\/5418"}],"wp:featuredmedia":[{"embeddable":true,"href":"https:\/\/emisoracolon.com.ar\/index.php\/wp-json\/wp\/v2\/media\/5417"}],"wp:attachment":[{"href":"https:\/\/emisoracolon.com.ar\/index.php\/wp-json\/wp\/v2\/media?parent=5416"}],"wp:term":[{"taxonomy":"category","embeddable":true,"href":"https:\/\/emisoracolon.com.ar\/index.php\/wp-json\/wp\/v2\/categories?post=5416"},{"taxonomy":"post_tag","embeddable":true,"href":"https:\/\/emisoracolon.com.ar\/index.php\/wp-json\/wp\/v2\/tags?post=5416"}],"curies":[{"name":"wp","href":"https:\/\/api.w.org\/{rel}","templated":true}]}}